{"id":3694,"date":"2014-09-28T09:57:28","date_gmt":"2014-09-28T07:57:28","guid":{"rendered":"http:\/\/vynz100photo.fr\/blog\/?p=3694"},"modified":"2014-09-28T09:57:28","modified_gmt":"2014-09-28T07:57:28","slug":"cest-lage-de-raison","status":"publish","type":"post","link":"https:\/\/vynz100photo.fr\/blog\/cest-lage-de-raison\/","title":{"rendered":"C&rsquo;est l&rsquo;\u00e2ge de raison&#8230;"},"content":{"rendered":"<h1><span style=\"color: #ff6600;\">Samedi 27 septembre<\/span><\/h1>\n<p style=\"text-align: justify;\">Le 27 septembre, ce n&rsquo;est pas l&rsquo;anniversaire d&rsquo;Olivane&#8230; mais elle a eu la bonne id\u00e9e de se r\u00e9veiller le matin du 26 avec une bonne otite, ce qui a eu pour effet de g\u00e2cher un tantinet cette journ\u00e9e&#8230;<\/p>\n<p style=\"text-align: justify;\">Qu&rsquo;\u00e0 cela ne tienne, on repousse les festivit\u00e9s au lendemain!<\/p>\n<p style=\"text-align: justify;\">Le repas du midi est fait pour lui faire plaisir: hamburgers maison et fondants au chocolat&#8230; malheureusement, une incompatibilit\u00e9 entre un four bas de gamme et des pains du m\u00eame niveau ont rendu cette association non montrable&#8230;<\/p>\n<p style=\"text-align: justify;\">Les premiers cadeaux sont l\u00e0, Olivane en est tr\u00e8s fi\u00e8re&#8230;<\/p>\n<p style=\"text-align: justify;\"><img data-recalc-dims=\"1\" loading=\"lazy\" decoding=\"async\" data-attachment-id=\"3695\" data-permalink=\"https:\/\/vynz100photo.fr\/blog\/cest-lage-de-raison\/20140927-img_1415\/\" data-orig-file=\"https:\/\/i0.wp.com\/vynz100photo.fr\/blog\/wp-content\/uploads\/2014\/09\/20140927-IMG_1415.jpg?fit=1024%2C683&amp;ssl=1\" data-orig-size=\"1024,683\" data-comments-opened=\"1\" data-image-meta=\"{&quot;aperture&quot;:&quot;3.5&quot;,&quot;credit&quot;:&quot;&quot;,&quot;camera&quot;:&quot;Canon EOS 5D Mark II&quot;,&quot;caption&quot;:&quot;&quot;,&quot;created_timestamp&quot;:&quot;1411823996&quot;,&quot;copyright&quot;:&quot;&quot;,&quot;focal_length&quot;:&quot;50&quot;,&quot;iso&quot;:&quot;1600&quot;,&quot;shutter_speed&quot;:&quot;0.008&quot;,&quot;title&quot;:&quot;&quot;,&quot;orientation&quot;:&quot;0&quot;}\" data-image-title=\"20140927-IMG_1415\" data-image-description=\"\" data-image-caption=\"\" data-large-file=\"https:\/\/i0.wp.com\/vynz100photo.fr\/blog\/wp-content\/uploads\/2014\/09\/20140927-IMG_1415.jpg?fit=800%2C534&amp;ssl=1\" class=\"alignnone size-full wp-image-3695\" src=\"https:\/\/i0.wp.com\/vynz100photo.fr\/blog\/wp-content\/uploads\/2014\/09\/20140927-IMG_1415.jpg?resize=800%2C534&#038;ssl=1\" alt=\"20140927-IMG_1415\" width=\"800\" height=\"534\" srcset=\"https:\/\/i0.wp.com\/vynz100photo.fr\/blog\/wp-content\/uploads\/2014\/09\/20140927-IMG_1415.jpg?w=1024&amp;ssl=1 1024w, https:\/\/i0.wp.com\/vynz100photo.fr\/blog\/wp-content\/uploads\/2014\/09\/20140927-IMG_1415.jpg?resize=300%2C200&amp;ssl=1 300w, https:\/\/i0.wp.com\/vynz100photo.fr\/blog\/wp-content\/uploads\/2014\/09\/20140927-IMG_1415.jpg?resize=250%2C166&amp;ssl=1 250w, https:\/\/i0.wp.com\/vynz100photo.fr\/blog\/wp-content\/uploads\/2014\/09\/20140927-IMG_1415.jpg?resize=900%2C600&amp;ssl=1 900w\" sizes=\"auto, (max-width: 800px) 100vw, 800px\" \/><\/p>\n<p style=\"text-align: justify;\">Louison s&rsquo;en moque pas mal, elle vient de d\u00e9couvrir les g\u00e2teaux&#8230; et \u00e7a lui pla\u00eet (\u00e9tonnant, non?)!<\/p>\n<p style=\"text-align: justify;\"><img data-recalc-dims=\"1\" loading=\"lazy\" decoding=\"async\" data-attachment-id=\"3696\" data-permalink=\"https:\/\/vynz100photo.fr\/blog\/cest-lage-de-raison\/20140927-img_1421\/\" data-orig-file=\"https:\/\/i0.wp.com\/vynz100photo.fr\/blog\/wp-content\/uploads\/2014\/09\/20140927-IMG_1421.jpg?fit=683%2C1024&amp;ssl=1\" data-orig-size=\"683,1024\" data-comments-opened=\"1\" data-image-meta=\"{&quot;aperture&quot;:&quot;2&quot;,&quot;credit&quot;:&quot;&quot;,&quot;camera&quot;:&quot;Canon EOS 5D Mark II&quot;,&quot;caption&quot;:&quot;&quot;,&quot;created_timestamp&quot;:&quot;1411826355&quot;,&quot;copyright&quot;:&quot;&quot;,&quot;focal_length&quot;:&quot;50&quot;,&quot;iso&quot;:&quot;400&quot;,&quot;shutter_speed&quot;:&quot;0.016666666666667&quot;,&quot;title&quot;:&quot;&quot;,&quot;orientation&quot;:&quot;0&quot;}\" data-image-title=\"20140927-IMG_1421\" data-image-description=\"\" data-image-caption=\"\" data-large-file=\"https:\/\/i0.wp.com\/vynz100photo.fr\/blog\/wp-content\/uploads\/2014\/09\/20140927-IMG_1421.jpg?fit=683%2C1024&amp;ssl=1\" class=\"alignnone size-large wp-image-3696\" src=\"https:\/\/i0.wp.com\/vynz100photo.fr\/blog\/wp-content\/uploads\/2014\/09\/20140927-IMG_1421.jpg?resize=683%2C1024&#038;ssl=1\" alt=\"20140927-IMG_1421\" width=\"683\" height=\"1024\" srcset=\"https:\/\/i0.wp.com\/vynz100photo.fr\/blog\/wp-content\/uploads\/2014\/09\/20140927-IMG_1421.jpg?w=683&amp;ssl=1 683w, https:\/\/i0.wp.com\/vynz100photo.fr\/blog\/wp-content\/uploads\/2014\/09\/20140927-IMG_1421.jpg?resize=200%2C300&amp;ssl=1 200w, https:\/\/i0.wp.com\/vynz100photo.fr\/blog\/wp-content\/uploads\/2014\/09\/20140927-IMG_1421.jpg?resize=250%2C374&amp;ssl=1 250w\" sizes=\"auto, (max-width: 683px) 100vw, 683px\" \/><\/p>\n<p style=\"text-align: justify;\">L&rsquo;apr\u00e8s-midi est r\u00e9serv\u00e9 \u00e0 la cuisine, Olivane doit pr\u00e9parer deux g\u00e2teaux pour ses copains et copines de la classe&#8230; dommage, celui-l\u00e0 \u00e9tait bien tentant!<\/p>\n<p style=\"text-align: justify;\"><img data-recalc-dims=\"1\" loading=\"lazy\" decoding=\"async\" data-attachment-id=\"3697\" data-permalink=\"https:\/\/vynz100photo.fr\/blog\/cest-lage-de-raison\/20140927-img_1423\/\" data-orig-file=\"https:\/\/i0.wp.com\/vynz100photo.fr\/blog\/wp-content\/uploads\/2014\/09\/20140927-IMG_1423.jpg?fit=1024%2C683&amp;ssl=1\" data-orig-size=\"1024,683\" data-comments-opened=\"1\" data-image-meta=\"{&quot;aperture&quot;:&quot;2&quot;,&quot;credit&quot;:&quot;&quot;,&quot;camera&quot;:&quot;Canon EOS 5D Mark II&quot;,&quot;caption&quot;:&quot;&quot;,&quot;created_timestamp&quot;:&quot;1411834884&quot;,&quot;copyright&quot;:&quot;&quot;,&quot;focal_length&quot;:&quot;50&quot;,&quot;iso&quot;:&quot;800&quot;,&quot;shutter_speed&quot;:&quot;0.05&quot;,&quot;title&quot;:&quot;&quot;,&quot;orientation&quot;:&quot;0&quot;}\" data-image-title=\"20140927-IMG_1423\" data-image-description=\"\" data-image-caption=\"\" data-large-file=\"https:\/\/i0.wp.com\/vynz100photo.fr\/blog\/wp-content\/uploads\/2014\/09\/20140927-IMG_1423.jpg?fit=800%2C534&amp;ssl=1\" class=\"alignnone size-large wp-image-3697\" src=\"https:\/\/i0.wp.com\/vynz100photo.fr\/blog\/wp-content\/uploads\/2014\/09\/20140927-IMG_1423.jpg?resize=800%2C533&#038;ssl=1\" alt=\"20140927-IMG_1423\" width=\"800\" height=\"533\" srcset=\"https:\/\/i0.wp.com\/vynz100photo.fr\/blog\/wp-content\/uploads\/2014\/09\/20140927-IMG_1423.jpg?w=1024&amp;ssl=1 1024w, https:\/\/i0.wp.com\/vynz100photo.fr\/blog\/wp-content\/uploads\/2014\/09\/20140927-IMG_1423.jpg?resize=300%2C200&amp;ssl=1 300w, https:\/\/i0.wp.com\/vynz100photo.fr\/blog\/wp-content\/uploads\/2014\/09\/20140927-IMG_1423.jpg?resize=250%2C166&amp;ssl=1 250w, https:\/\/i0.wp.com\/vynz100photo.fr\/blog\/wp-content\/uploads\/2014\/09\/20140927-IMG_1423.jpg?resize=900%2C600&amp;ssl=1 900w\" sizes=\"auto, (max-width: 800px) 100vw, 800px\" \/><\/p>\n<p style=\"text-align: justify;\">On peut enfin mettre les boucles d&rsquo;oreille de Nantes, les fameuses topazes&#8230; mais les boucles originelles sont difficiles \u00e0 enlever, ce sera une affaire compliqu\u00e9e!<\/p>\n<p style=\"text-align: justify;\"><img data-recalc-dims=\"1\" loading=\"lazy\" decoding=\"async\" data-attachment-id=\"3698\" data-permalink=\"https:\/\/vynz100photo.fr\/blog\/cest-lage-de-raison\/20140927-img_1427\/\" data-orig-file=\"https:\/\/i0.wp.com\/vynz100photo.fr\/blog\/wp-content\/uploads\/2014\/09\/20140927-IMG_1427.jpg?fit=1024%2C683&amp;ssl=1\" data-orig-size=\"1024,683\" data-comments-opened=\"1\" data-image-meta=\"{&quot;aperture&quot;:&quot;2&quot;,&quot;credit&quot;:&quot;&quot;,&quot;camera&quot;:&quot;Canon EOS 5D Mark II&quot;,&quot;caption&quot;:&quot;&quot;,&quot;created_timestamp&quot;:&quot;1411834987&quot;,&quot;copyright&quot;:&quot;&quot;,&quot;focal_length&quot;:&quot;50&quot;,&quot;iso&quot;:&quot;800&quot;,&quot;shutter_speed&quot;:&quot;0.025&quot;,&quot;title&quot;:&quot;&quot;,&quot;orientation&quot;:&quot;0&quot;}\" data-image-title=\"20140927-IMG_1427\" data-image-description=\"\" data-image-caption=\"\" data-large-file=\"https:\/\/i0.wp.com\/vynz100photo.fr\/blog\/wp-content\/uploads\/2014\/09\/20140927-IMG_1427.jpg?fit=800%2C534&amp;ssl=1\" class=\"alignnone size-large wp-image-3698\" src=\"https:\/\/i0.wp.com\/vynz100photo.fr\/blog\/wp-content\/uploads\/2014\/09\/20140927-IMG_1427.jpg?resize=800%2C533&#038;ssl=1\" alt=\"20140927-IMG_1427\" width=\"800\" height=\"533\" srcset=\"https:\/\/i0.wp.com\/vynz100photo.fr\/blog\/wp-content\/uploads\/2014\/09\/20140927-IMG_1427.jpg?w=1024&amp;ssl=1 1024w, https:\/\/i0.wp.com\/vynz100photo.fr\/blog\/wp-content\/uploads\/2014\/09\/20140927-IMG_1427.jpg?resize=300%2C200&amp;ssl=1 300w, https:\/\/i0.wp.com\/vynz100photo.fr\/blog\/wp-content\/uploads\/2014\/09\/20140927-IMG_1427.jpg?resize=250%2C166&amp;ssl=1 250w, https:\/\/i0.wp.com\/vynz100photo.fr\/blog\/wp-content\/uploads\/2014\/09\/20140927-IMG_1427.jpg?resize=900%2C600&amp;ssl=1 900w\" sizes=\"auto, (max-width: 800px) 100vw, 800px\" \/> <img data-recalc-dims=\"1\" loading=\"lazy\" decoding=\"async\" data-attachment-id=\"3699\" data-permalink=\"https:\/\/vynz100photo.fr\/blog\/cest-lage-de-raison\/20140927-img_1437\/\" data-orig-file=\"https:\/\/i0.wp.com\/vynz100photo.fr\/blog\/wp-content\/uploads\/2014\/09\/20140927-IMG_1437.jpg?fit=1024%2C683&amp;ssl=1\" data-orig-size=\"1024,683\" data-comments-opened=\"1\" data-image-meta=\"{&quot;aperture&quot;:&quot;2&quot;,&quot;credit&quot;:&quot;&quot;,&quot;camera&quot;:&quot;Canon EOS 5D Mark II&quot;,&quot;caption&quot;:&quot;&quot;,&quot;created_timestamp&quot;:&quot;1411835153&quot;,&quot;copyright&quot;:&quot;&quot;,&quot;focal_length&quot;:&quot;50&quot;,&quot;iso&quot;:&quot;1600&quot;,&quot;shutter_speed&quot;:&quot;0.00625&quot;,&quot;title&quot;:&quot;&quot;,&quot;orientation&quot;:&quot;0&quot;}\" data-image-title=\"20140927-IMG_1437\" data-image-description=\"\" data-image-caption=\"\" data-large-file=\"https:\/\/i0.wp.com\/vynz100photo.fr\/blog\/wp-content\/uploads\/2014\/09\/20140927-IMG_1437.jpg?fit=800%2C534&amp;ssl=1\" class=\"alignnone size-large wp-image-3699\" src=\"https:\/\/i0.wp.com\/vynz100photo.fr\/blog\/wp-content\/uploads\/2014\/09\/20140927-IMG_1437.jpg?resize=800%2C533&#038;ssl=1\" alt=\"20140927-IMG_1437\" width=\"800\" height=\"533\" srcset=\"https:\/\/i0.wp.com\/vynz100photo.fr\/blog\/wp-content\/uploads\/2014\/09\/20140927-IMG_1437.jpg?w=1024&amp;ssl=1 1024w, https:\/\/i0.wp.com\/vynz100photo.fr\/blog\/wp-content\/uploads\/2014\/09\/20140927-IMG_1437.jpg?resize=300%2C200&amp;ssl=1 300w, https:\/\/i0.wp.com\/vynz100photo.fr\/blog\/wp-content\/uploads\/2014\/09\/20140927-IMG_1437.jpg?resize=250%2C166&amp;ssl=1 250w, https:\/\/i0.wp.com\/vynz100photo.fr\/blog\/wp-content\/uploads\/2014\/09\/20140927-IMG_1437.jpg?resize=900%2C600&amp;ssl=1 900w\" sizes=\"auto, (max-width: 800px) 100vw, 800px\" \/> <img data-recalc-dims=\"1\" loading=\"lazy\" decoding=\"async\" data-attachment-id=\"3700\" data-permalink=\"https:\/\/vynz100photo.fr\/blog\/cest-lage-de-raison\/20140927-img_1441\/\" data-orig-file=\"https:\/\/i0.wp.com\/vynz100photo.fr\/blog\/wp-content\/uploads\/2014\/09\/20140927-IMG_1441.jpg?fit=1024%2C683&amp;ssl=1\" data-orig-size=\"1024,683\" data-comments-opened=\"1\" data-image-meta=\"{&quot;aperture&quot;:&quot;2&quot;,&quot;credit&quot;:&quot;&quot;,&quot;camera&quot;:&quot;Canon EOS 5D Mark II&quot;,&quot;caption&quot;:&quot;&quot;,&quot;created_timestamp&quot;:&quot;1411835262&quot;,&quot;copyright&quot;:&quot;&quot;,&quot;focal_length&quot;:&quot;50&quot;,&quot;iso&quot;:&quot;1600&quot;,&quot;shutter_speed&quot;:&quot;0.00625&quot;,&quot;title&quot;:&quot;&quot;,&quot;orientation&quot;:&quot;0&quot;}\" data-image-title=\"20140927-IMG_1441\" data-image-description=\"\" data-image-caption=\"\" data-large-file=\"https:\/\/i0.wp.com\/vynz100photo.fr\/blog\/wp-content\/uploads\/2014\/09\/20140927-IMG_1441.jpg?fit=800%2C534&amp;ssl=1\" class=\"alignnone size-large wp-image-3700\" src=\"https:\/\/i0.wp.com\/vynz100photo.fr\/blog\/wp-content\/uploads\/2014\/09\/20140927-IMG_1441.jpg?resize=800%2C533&#038;ssl=1\" alt=\"20140927-IMG_1441\" width=\"800\" height=\"533\" srcset=\"https:\/\/i0.wp.com\/vynz100photo.fr\/blog\/wp-content\/uploads\/2014\/09\/20140927-IMG_1441.jpg?w=1024&amp;ssl=1 1024w, https:\/\/i0.wp.com\/vynz100photo.fr\/blog\/wp-content\/uploads\/2014\/09\/20140927-IMG_1441.jpg?resize=300%2C200&amp;ssl=1 300w, https:\/\/i0.wp.com\/vynz100photo.fr\/blog\/wp-content\/uploads\/2014\/09\/20140927-IMG_1441.jpg?resize=250%2C166&amp;ssl=1 250w, https:\/\/i0.wp.com\/vynz100photo.fr\/blog\/wp-content\/uploads\/2014\/09\/20140927-IMG_1441.jpg?resize=900%2C600&amp;ssl=1 900w\" sizes=\"auto, (max-width: 800px) 100vw, 800px\" \/> <img data-recalc-dims=\"1\" loading=\"lazy\" decoding=\"async\" data-attachment-id=\"3701\" data-permalink=\"https:\/\/vynz100photo.fr\/blog\/cest-lage-de-raison\/20140927-img_1442\/\" data-orig-file=\"https:\/\/i0.wp.com\/vynz100photo.fr\/blog\/wp-content\/uploads\/2014\/09\/20140927-IMG_1442.jpg?fit=1024%2C683&amp;ssl=1\" data-orig-size=\"1024,683\" data-comments-opened=\"1\" data-image-meta=\"{&quot;aperture&quot;:&quot;2&quot;,&quot;credit&quot;:&quot;&quot;,&quot;camera&quot;:&quot;Canon EOS 5D Mark II&quot;,&quot;caption&quot;:&quot;&quot;,&quot;created_timestamp&quot;:&quot;1411835312&quot;,&quot;copyright&quot;:&quot;&quot;,&quot;focal_length&quot;:&quot;50&quot;,&quot;iso&quot;:&quot;1600&quot;,&quot;shutter_speed&quot;:&quot;0.01&quot;,&quot;title&quot;:&quot;&quot;,&quot;orientation&quot;:&quot;0&quot;}\" data-image-title=\"20140927-IMG_1442\" data-image-description=\"\" data-image-caption=\"\" data-large-file=\"https:\/\/i0.wp.com\/vynz100photo.fr\/blog\/wp-content\/uploads\/2014\/09\/20140927-IMG_1442.jpg?fit=800%2C534&amp;ssl=1\" class=\"alignnone size-large wp-image-3701\" src=\"https:\/\/i0.wp.com\/vynz100photo.fr\/blog\/wp-content\/uploads\/2014\/09\/20140927-IMG_1442.jpg?resize=800%2C533&#038;ssl=1\" alt=\"20140927-IMG_1442\" width=\"800\" height=\"533\" srcset=\"https:\/\/i0.wp.com\/vynz100photo.fr\/blog\/wp-content\/uploads\/2014\/09\/20140927-IMG_1442.jpg?w=1024&amp;ssl=1 1024w, https:\/\/i0.wp.com\/vynz100photo.fr\/blog\/wp-content\/uploads\/2014\/09\/20140927-IMG_1442.jpg?resize=300%2C200&amp;ssl=1 300w, https:\/\/i0.wp.com\/vynz100photo.fr\/blog\/wp-content\/uploads\/2014\/09\/20140927-IMG_1442.jpg?resize=250%2C166&amp;ssl=1 250w, https:\/\/i0.wp.com\/vynz100photo.fr\/blog\/wp-content\/uploads\/2014\/09\/20140927-IMG_1442.jpg?resize=900%2C600&amp;ssl=1 900w\" sizes=\"auto, (max-width: 800px) 100vw, 800px\" \/><\/p>\n<p style=\"text-align: justify;\">Pendant ce temps, Louison se d\u00e9place par terre, en rampant plus ou moins. Heureusement, le sol est s\u00e9curis\u00e9 et suffisamment mou pour absorber les chocs&#8230; ou pas!<\/p>\n<p style=\"text-align: justify;\"><img data-recalc-dims=\"1\" loading=\"lazy\" decoding=\"async\" data-attachment-id=\"3702\" data-permalink=\"https:\/\/vynz100photo.fr\/blog\/cest-lage-de-raison\/20140927-img_1445\/\" data-orig-file=\"https:\/\/i0.wp.com\/vynz100photo.fr\/blog\/wp-content\/uploads\/2014\/09\/20140927-IMG_1445.jpg?fit=683%2C1024&amp;ssl=1\" data-orig-size=\"683,1024\" data-comments-opened=\"1\" data-image-meta=\"{&quot;aperture&quot;:&quot;2&quot;,&quot;credit&quot;:&quot;&quot;,&quot;camera&quot;:&quot;Canon EOS 5D Mark II&quot;,&quot;caption&quot;:&quot;&quot;,&quot;created_timestamp&quot;:&quot;1411835735&quot;,&quot;copyright&quot;:&quot;&quot;,&quot;focal_length&quot;:&quot;50&quot;,&quot;iso&quot;:&quot;800&quot;,&quot;shutter_speed&quot;:&quot;0.033333333333333&quot;,&quot;title&quot;:&quot;&quot;,&quot;orientation&quot;:&quot;0&quot;}\" data-image-title=\"20140927-IMG_1445\" data-image-description=\"\" data-image-caption=\"\" data-large-file=\"https:\/\/i0.wp.com\/vynz100photo.fr\/blog\/wp-content\/uploads\/2014\/09\/20140927-IMG_1445.jpg?fit=683%2C1024&amp;ssl=1\" class=\"alignnone size-large wp-image-3702\" src=\"https:\/\/i0.wp.com\/vynz100photo.fr\/blog\/wp-content\/uploads\/2014\/09\/20140927-IMG_1445.jpg?resize=683%2C1024&#038;ssl=1\" alt=\"20140927-IMG_1445\" width=\"683\" height=\"1024\" srcset=\"https:\/\/i0.wp.com\/vynz100photo.fr\/blog\/wp-content\/uploads\/2014\/09\/20140927-IMG_1445.jpg?w=683&amp;ssl=1 683w, https:\/\/i0.wp.com\/vynz100photo.fr\/blog\/wp-content\/uploads\/2014\/09\/20140927-IMG_1445.jpg?resize=200%2C300&amp;ssl=1 200w, https:\/\/i0.wp.com\/vynz100photo.fr\/blog\/wp-content\/uploads\/2014\/09\/20140927-IMG_1445.jpg?resize=250%2C374&amp;ssl=1 250w\" sizes=\"auto, (max-width: 683px) 100vw, 683px\" \/><\/p>\n<p style=\"text-align: justify;\">C&rsquo;est ensuite l&rsquo;heure de la piscine&#8230; Louison et M\u00e9line accompagnent Claire, mais pour Olivane ce n&rsquo;est pas possible&#8230; ce sera donc s\u00e9ance photo pour montrer les jolies boucles d&rsquo;oreilles, attendues depuis trois mois&#8230;<\/p>\n<p style=\"text-align: justify;\"><img data-recalc-dims=\"1\" loading=\"lazy\" decoding=\"async\" data-attachment-id=\"3703\" data-permalink=\"https:\/\/vynz100photo.fr\/blog\/cest-lage-de-raison\/20140927-img_1476\/\" data-orig-file=\"https:\/\/i0.wp.com\/vynz100photo.fr\/blog\/wp-content\/uploads\/2014\/09\/20140927-IMG_1476.jpg?fit=683%2C1024&amp;ssl=1\" data-orig-size=\"683,1024\" data-comments-opened=\"1\" data-image-meta=\"{&quot;aperture&quot;:&quot;2.2&quot;,&quot;credit&quot;:&quot;&quot;,&quot;camera&quot;:&quot;Canon EOS 5D Mark II&quot;,&quot;caption&quot;:&quot;&quot;,&quot;created_timestamp&quot;:&quot;1411838069&quot;,&quot;copyright&quot;:&quot;&quot;,&quot;focal_length&quot;:&quot;135&quot;,&quot;iso&quot;:&quot;1600&quot;,&quot;shutter_speed&quot;:&quot;0.016666666666667&quot;,&quot;title&quot;:&quot;&quot;,&quot;orientation&quot;:&quot;0&quot;}\" data-image-title=\"20140927-IMG_1476\" data-image-description=\"\" data-image-caption=\"\" data-large-file=\"https:\/\/i0.wp.com\/vynz100photo.fr\/blog\/wp-content\/uploads\/2014\/09\/20140927-IMG_1476.jpg?fit=683%2C1024&amp;ssl=1\" class=\"alignnone size-large wp-image-3703\" src=\"https:\/\/i0.wp.com\/vynz100photo.fr\/blog\/wp-content\/uploads\/2014\/09\/20140927-IMG_1476.jpg?resize=683%2C1024&#038;ssl=1\" alt=\"20140927-IMG_1476\" width=\"683\" height=\"1024\" srcset=\"https:\/\/i0.wp.com\/vynz100photo.fr\/blog\/wp-content\/uploads\/2014\/09\/20140927-IMG_1476.jpg?w=683&amp;ssl=1 683w, https:\/\/i0.wp.com\/vynz100photo.fr\/blog\/wp-content\/uploads\/2014\/09\/20140927-IMG_1476.jpg?resize=200%2C300&amp;ssl=1 200w, https:\/\/i0.wp.com\/vynz100photo.fr\/blog\/wp-content\/uploads\/2014\/09\/20140927-IMG_1476.jpg?resize=250%2C374&amp;ssl=1 250w\" sizes=\"auto, (max-width: 683px) 100vw, 683px\" \/><\/p>\n<p style=\"text-align: justify;\">Enfin, la soir\u00e9e est d\u00e9di\u00e9e \u00e0 un ap\u00e9ro dinatoire souhait\u00e9e par mademoiselle&#8230; mais la fatigue est l\u00e0 et il est temps d&rsquo;aller se coucher! C&rsquo;est l&rsquo;inconv\u00e9nient quand on est malade&#8230;<\/p>\n<p style=\"text-align: justify;\"><img data-recalc-dims=\"1\" loading=\"lazy\" decoding=\"async\" data-attachment-id=\"3704\" data-permalink=\"https:\/\/vynz100photo.fr\/blog\/cest-lage-de-raison\/20140927-dsc04674\/\" data-orig-file=\"https:\/\/i0.wp.com\/vynz100photo.fr\/blog\/wp-content\/uploads\/2014\/09\/20140927-DSC04674.jpg?fit=1024%2C683&amp;ssl=1\" data-orig-size=\"1024,683\" data-comments-opened=\"1\" data-image-meta=\"{&quot;aperture&quot;:&quot;2.8&quot;,&quot;credit&quot;:&quot;&quot;,&quot;camera&quot;:&quot;ILCE-7&quot;,&quot;caption&quot;:&quot;&quot;,&quot;created_timestamp&quot;:&quot;1411846352&quot;,&quot;copyright&quot;:&quot;&quot;,&quot;focal_length&quot;:&quot;35&quot;,&quot;iso&quot;:&quot;1000&quot;,&quot;shutter_speed&quot;:&quot;0.04&quot;,&quot;title&quot;:&quot;&quot;,&quot;orientation&quot;:&quot;0&quot;}\" data-image-title=\"20140927-DSC04674\" data-image-description=\"\" data-image-caption=\"\" data-large-file=\"https:\/\/i0.wp.com\/vynz100photo.fr\/blog\/wp-content\/uploads\/2014\/09\/20140927-DSC04674.jpg?fit=800%2C534&amp;ssl=1\" class=\"alignnone size-full wp-image-3704\" src=\"https:\/\/i0.wp.com\/vynz100photo.fr\/blog\/wp-content\/uploads\/2014\/09\/20140927-DSC04674.jpg?resize=800%2C534&#038;ssl=1\" alt=\"20140927-DSC04674\" width=\"800\" height=\"534\" srcset=\"https:\/\/i0.wp.com\/vynz100photo.fr\/blog\/wp-content\/uploads\/2014\/09\/20140927-DSC04674.jpg?w=1024&amp;ssl=1 1024w, https:\/\/i0.wp.com\/vynz100photo.fr\/blog\/wp-content\/uploads\/2014\/09\/20140927-DSC04674.jpg?resize=300%2C200&amp;ssl=1 300w, https:\/\/i0.wp.com\/vynz100photo.fr\/blog\/wp-content\/uploads\/2014\/09\/20140927-DSC04674.jpg?resize=250%2C166&amp;ssl=1 250w, https:\/\/i0.wp.com\/vynz100photo.fr\/blog\/wp-content\/uploads\/2014\/09\/20140927-DSC04674.jpg?resize=900%2C600&amp;ssl=1 900w\" sizes=\"auto, (max-width: 800px) 100vw, 800px\" \/> <img data-recalc-dims=\"1\" loading=\"lazy\" decoding=\"async\" data-attachment-id=\"3705\" data-permalink=\"https:\/\/vynz100photo.fr\/blog\/cest-lage-de-raison\/20140927-dsc04675\/\" data-orig-file=\"https:\/\/i0.wp.com\/vynz100photo.fr\/blog\/wp-content\/uploads\/2014\/09\/20140927-DSC04675.jpg?fit=1024%2C683&amp;ssl=1\" data-orig-size=\"1024,683\" data-comments-opened=\"1\" data-image-meta=\"{&quot;aperture&quot;:&quot;2.8&quot;,&quot;credit&quot;:&quot;&quot;,&quot;camera&quot;:&quot;ILCE-7&quot;,&quot;caption&quot;:&quot;&quot;,&quot;created_timestamp&quot;:&quot;1411846361&quot;,&quot;copyright&quot;:&quot;&quot;,&quot;focal_length&quot;:&quot;35&quot;,&quot;iso&quot;:&quot;1000&quot;,&quot;shutter_speed&quot;:&quot;0.04&quot;,&quot;title&quot;:&quot;&quot;,&quot;orientation&quot;:&quot;0&quot;}\" data-image-title=\"20140927-DSC04675\" data-image-description=\"\" data-image-caption=\"\" data-large-file=\"https:\/\/i0.wp.com\/vynz100photo.fr\/blog\/wp-content\/uploads\/2014\/09\/20140927-DSC04675.jpg?fit=800%2C534&amp;ssl=1\" class=\"alignnone size-large wp-image-3705\" src=\"https:\/\/i0.wp.com\/vynz100photo.fr\/blog\/wp-content\/uploads\/2014\/09\/20140927-DSC04675.jpg?resize=800%2C533&#038;ssl=1\" alt=\"20140927-DSC04675\" width=\"800\" height=\"533\" srcset=\"https:\/\/i0.wp.com\/vynz100photo.fr\/blog\/wp-content\/uploads\/2014\/09\/20140927-DSC04675.jpg?w=1024&amp;ssl=1 1024w, https:\/\/i0.wp.com\/vynz100photo.fr\/blog\/wp-content\/uploads\/2014\/09\/20140927-DSC04675.jpg?resize=300%2C200&amp;ssl=1 300w, https:\/\/i0.wp.com\/vynz100photo.fr\/blog\/wp-content\/uploads\/2014\/09\/20140927-DSC04675.jpg?resize=250%2C166&amp;ssl=1 250w, https:\/\/i0.wp.com\/vynz100photo.fr\/blog\/wp-content\/uploads\/2014\/09\/20140927-DSC04675.jpg?resize=900%2C600&amp;ssl=1 900w\" sizes=\"auto, (max-width: 800px) 100vw, 800px\" \/> <img data-recalc-dims=\"1\" loading=\"lazy\" decoding=\"async\" data-attachment-id=\"3706\" data-permalink=\"https:\/\/vynz100photo.fr\/blog\/cest-lage-de-raison\/20140927-dsc04678\/\" data-orig-file=\"https:\/\/i0.wp.com\/vynz100photo.fr\/blog\/wp-content\/uploads\/2014\/09\/20140927-DSC04678.jpg?fit=1024%2C683&amp;ssl=1\" data-orig-size=\"1024,683\" data-comments-opened=\"1\" data-image-meta=\"{&quot;aperture&quot;:&quot;0&quot;,&quot;credit&quot;:&quot;&quot;,&quot;camera&quot;:&quot;ILCE-7&quot;,&quot;caption&quot;:&quot;&quot;,&quot;created_timestamp&quot;:&quot;1411846698&quot;,&quot;copyright&quot;:&quot;&quot;,&quot;focal_length&quot;:&quot;50&quot;,&quot;iso&quot;:&quot;1000&quot;,&quot;shutter_speed&quot;:&quot;0.008&quot;,&quot;title&quot;:&quot;&quot;,&quot;orientation&quot;:&quot;0&quot;}\" data-image-title=\"20140927-DSC04678\" data-image-description=\"\" data-image-caption=\"\" data-large-file=\"https:\/\/i0.wp.com\/vynz100photo.fr\/blog\/wp-content\/uploads\/2014\/09\/20140927-DSC04678.jpg?fit=800%2C534&amp;ssl=1\" class=\"alignnone size-large wp-image-3706\" src=\"https:\/\/i0.wp.com\/vynz100photo.fr\/blog\/wp-content\/uploads\/2014\/09\/20140927-DSC04678.jpg?resize=800%2C533&#038;ssl=1\" alt=\"20140927-DSC04678\" width=\"800\" height=\"533\" srcset=\"https:\/\/i0.wp.com\/vynz100photo.fr\/blog\/wp-content\/uploads\/2014\/09\/20140927-DSC04678.jpg?w=1024&amp;ssl=1 1024w, https:\/\/i0.wp.com\/vynz100photo.fr\/blog\/wp-content\/uploads\/2014\/09\/20140927-DSC04678.jpg?resize=300%2C200&amp;ssl=1 300w, https:\/\/i0.wp.com\/vynz100photo.fr\/blog\/wp-content\/uploads\/2014\/09\/20140927-DSC04678.jpg?resize=250%2C166&amp;ssl=1 250w, https:\/\/i0.wp.com\/vynz100photo.fr\/blog\/wp-content\/uploads\/2014\/09\/20140927-DSC04678.jpg?resize=900%2C600&amp;ssl=1 900w\" sizes=\"auto, (max-width: 800px) 100vw, 800px\" \/><\/p>\n","protected":false},"excerpt":{"rendered":"<p>Samedi 27 septembre Le 27 septembre, ce n&rsquo;est pas l&rsquo;anniversaire d&rsquo;Olivane&#8230; mais elle a eu la bonne id\u00e9e de se r\u00e9veiller le matin du 26 avec une bonne otite, ce qui a eu pour effet de g\u00e2cher un tantinet cette journ\u00e9e&#8230; Qu&rsquo;\u00e0 cela ne tienne, on repousse les festivit\u00e9s au lendemain! Le repas du midi [&hellip;]<\/p>\n","protected":false},"author":1,"featured_media":3703,"comment_status":"open","ping_status":"open","sticky":false,"template":"","format":"standard","meta":{"_mo_disable_npp":"","jetpack_post_was_ever_published":false,"_jetpack_newsletter_access":"","_jetpack_dont_email_post_to_subs":false,"_jetpack_newsletter_tier_id":0,"_jetpack_memberships_contains_paywalled_content":false,"_jetpack_memberships_contains_paid_content":false,"footnotes":"","jetpack_publicize_message":"","jetpack_publicize_feature_enabled":true,"jetpack_social_post_already_shared":true,"jetpack_social_options":{"image_generator_settings":{"template":"highway","default_image_id":0,"font":"","enabled":false},"version":2}},"categories":[15],"tags":[29,4,47,9,19,39,52,48],"class_list":["post-3694","post","type-post","status-publish","format-standard","has-post-thumbnail","hentry","category-famille-2","tag-anniversaire","tag-cuisine","tag-doha","tag-famille","tag-gateaux","tag-louison","tag-olivane","tag-qatar"],"jetpack_publicize_connections":[],"jetpack_featured_media_url":"https:\/\/i0.wp.com\/vynz100photo.fr\/blog\/wp-content\/uploads\/2014\/09\/20140927-IMG_1476.jpg?fit=683%2C1024&ssl=1","jetpack_sharing_enabled":true,"jetpack_shortlink":"https:\/\/wp.me\/p3QNY7-XA","jetpack_likes_enabled":true,"jetpack-related-posts":[{"id":5069,"url":"https:\/\/vynz100photo.fr\/blog\/shanghai-doha-chicago-bazaiges-et-panama-8-ans-de-voyages-pour-louison\/","url_meta":{"origin":3694,"position":0},"title":"Shanghai, Doha, Chicago, Bazaiges&#8230; et Panama! 8 ans de voyages pour Louison","author":"Vincent","date":"11 avril 2022","format":false,"excerpt":"Et voil\u00e0, notre Louison a encore grandi... et, chose originale, a choisi un repas nippon. Sushis, c'est devenu une tradition... \u00a0 Puis c'est l'heure du dessert... apr\u00e8s le roul\u00e9 aux fraises de l'ann\u00e9e derni\u00e8re, on passe aux ingr\u00e9dients locaux pour un roul\u00e9 aux ananas. Olivane se charge des bougies, avec\u2026","rel":"","context":"Dans &quot;Vie quotidienne&quot;","block_context":{"text":"Vie quotidienne","link":"https:\/\/vynz100photo.fr\/blog\/category\/vie-quotidienne\/"},"img":{"alt_text":"","src":"https:\/\/i0.wp.com\/vynz100photo.fr\/blog\/wp-content\/uploads\/2022\/04\/20220410-IMG_2179.jpg?fit=768%2C1024&ssl=1&resize=350%2C200","width":350,"height":200,"srcset":"https:\/\/i0.wp.com\/vynz100photo.fr\/blog\/wp-content\/uploads\/2022\/04\/20220410-IMG_2179.jpg?fit=768%2C1024&ssl=1&resize=350%2C200 1x, https:\/\/i0.wp.com\/vynz100photo.fr\/blog\/wp-content\/uploads\/2022\/04\/20220410-IMG_2179.jpg?fit=768%2C1024&ssl=1&resize=525%2C300 1.5x, https:\/\/i0.wp.com\/vynz100photo.fr\/blog\/wp-content\/uploads\/2022\/04\/20220410-IMG_2179.jpg?fit=768%2C1024&ssl=1&resize=700%2C400 2x"},"classes":[]},{"id":3077,"url":"https:\/\/vynz100photo.fr\/blog\/au-zoo-de-hongqiao\/","url_meta":{"origin":3694,"position":1},"title":"Au Zoo de Hongqiao","author":"Vincent","date":"1 juin 2014","format":false,"excerpt":"Samedi 24 mai Olivane est invit\u00e9e \u00e0 un anniversaire, pas loin du zoo de Hongqiao... on doit aller la r\u00e9cup\u00e9rer avec certains de ses amis pour les raccompagner dans le centre, du coup on d\u00e9cide de faire un petit tour avec M\u00e9line et Louison au Zoo... Mais avant cela, il\u2026","rel":"","context":"Dans &quot;Visites&quot;","block_context":{"text":"Visites","link":"https:\/\/vynz100photo.fr\/blog\/category\/visites\/"},"img":{"alt_text":"","src":"https:\/\/i0.wp.com\/vynz100photo.fr\/blog\/wp-content\/uploads\/2014\/06\/20140524-DSC00634.jpg?fit=683%2C1024&ssl=1&resize=350%2C200","width":350,"height":200,"srcset":"https:\/\/i0.wp.com\/vynz100photo.fr\/blog\/wp-content\/uploads\/2014\/06\/20140524-DSC00634.jpg?fit=683%2C1024&ssl=1&resize=350%2C200 1x, https:\/\/i0.wp.com\/vynz100photo.fr\/blog\/wp-content\/uploads\/2014\/06\/20140524-DSC00634.jpg?fit=683%2C1024&ssl=1&resize=525%2C300 1.5x"},"classes":[]},{"id":3123,"url":"https:\/\/vynz100photo.fr\/blog\/la-vie-sans-claire-et-louison\/","url_meta":{"origin":3694,"position":2},"title":"La vie sans Claire et Louison","author":"Vincent","date":"20 juin 2014","format":false,"excerpt":"Claire est partie 8 jours au Japon, sans nous... du coup il faut bien que l'on s'occupe! Samedi 7 juin On se fait une journ\u00e9e tranquille \u00e0 trois, mais il faut remplir le frigo... on part donc chez \"Green & Safe\" o\u00f9 l'on ach\u00e8te nos l\u00e9gumes bio... et les salades\u2026","rel":"","context":"Dans &quot;Famille&quot;","block_context":{"text":"Famille","link":"https:\/\/vynz100photo.fr\/blog\/category\/famille-2\/"},"img":{"alt_text":"","src":"https:\/\/i0.wp.com\/vynz100photo.fr\/blog\/wp-content\/uploads\/2014\/06\/IMG_9594.jpg?fit=683%2C1024&ssl=1&resize=350%2C200","width":350,"height":200,"srcset":"https:\/\/i0.wp.com\/vynz100photo.fr\/blog\/wp-content\/uploads\/2014\/06\/IMG_9594.jpg?fit=683%2C1024&ssl=1&resize=350%2C200 1x, https:\/\/i0.wp.com\/vynz100photo.fr\/blog\/wp-content\/uploads\/2014\/06\/IMG_9594.jpg?fit=683%2C1024&ssl=1&resize=525%2C300 1.5x"},"classes":[]},{"id":4403,"url":"https:\/\/vynz100photo.fr\/blog\/la-bretagne-ca-vous-gagne\/","url_meta":{"origin":3694,"position":3},"title":"La Bretagne, \u00e7a vous gagne","author":"Vincent","date":"25 ao\u00fbt 2017","format":false,"excerpt":"Vendredi 25 ao\u00fbt 2017 Derni\u00e8re \u00e9tape des vacances, la Bretagne... enfin les C\u00f4tes d'Armor! Avant de rendre la voiture de location \u00e0 St Brieuc, on passe trois jours \u00e0 Canihuel, dans l'air frais et vivifiant et au milieu des arbres. C'est d'ailleurs une promenade dans les bois qui nous attend\u2026","rel":"","context":"Dans &quot;Voyages&quot;","block_context":{"text":"Voyages","link":"https:\/\/vynz100photo.fr\/blog\/category\/voyages\/"},"img":{"alt_text":"","src":"https:\/\/i0.wp.com\/vynz100photo.fr\/blog\/wp-content\/uploads\/2017\/08\/20170825-DSC05466.jpg?fit=683%2C1024&ssl=1&resize=350%2C200","width":350,"height":200,"srcset":"https:\/\/i0.wp.com\/vynz100photo.fr\/blog\/wp-content\/uploads\/2017\/08\/20170825-DSC05466.jpg?fit=683%2C1024&ssl=1&resize=350%2C200 1x, https:\/\/i0.wp.com\/vynz100photo.fr\/blog\/wp-content\/uploads\/2017\/08\/20170825-DSC05466.jpg?fit=683%2C1024&ssl=1&resize=525%2C300 1.5x"},"classes":[]},{"id":1325,"url":"https:\/\/vynz100photo.fr\/blog\/vivement-lage-de-raison\/","url_meta":{"origin":3694,"position":4},"title":"Vivement l&rsquo;\u00e2ge de raison&#8230;","author":"Vincent","date":"29 septembre 2013","format":false,"excerpt":"... malheureusement pour le moment Olivane n'a que 6 ans. Et \u00e7a se voit! Le matin de son anniversaire, elle a une petite carte de ses parents - lue bien \u00e9videmment par sa grande soeur ch\u00e9rie - avec quelques cadeaux: jumelles, petits animaux... puis il est temps de partir \u00e0\u2026","rel":"","context":"Dans &quot;Famille&quot;","block_context":{"text":"Famille","link":"https:\/\/vynz100photo.fr\/blog\/category\/famille-2\/"},"img":{"alt_text":"20130926-_A1B2229","src":"https:\/\/i0.wp.com\/vynz100photo.fr\/blog\/wp-content\/uploads\/2013\/09\/20130926-_A1B2229.jpg?resize=350%2C200","width":350,"height":200,"srcset":"https:\/\/i0.wp.com\/vynz100photo.fr\/blog\/wp-content\/uploads\/2013\/09\/20130926-_A1B2229.jpg?resize=350%2C200 1x, https:\/\/i0.wp.com\/vynz100photo.fr\/blog\/wp-content\/uploads\/2013\/09\/20130926-_A1B2229.jpg?resize=525%2C300 1.5x, https:\/\/i0.wp.com\/vynz100photo.fr\/blog\/wp-content\/uploads\/2013\/09\/20130926-_A1B2229.jpg?resize=700%2C400 2x"},"classes":[]},{"id":2614,"url":"https:\/\/vynz100photo.fr\/blog\/premier-contact\/","url_meta":{"origin":3694,"position":5},"title":"Premier contact!","author":"Vincent","date":"12 avril 2014","format":false,"excerpt":"Vendredi 11 avril Apr\u00e8s une tr\u00e8s courte nuit, il faut reprendre le chemin de l'\u00e9cole... surtout ce matin, o\u00f9 nos \u00e9l\u00e8ves ont \u00e9t\u00e9 choisis pour repr\u00e9senter le district de Xuhui aupr\u00e8s de la ville de Shanghai.\u00a0Grosse pression sur les dix \u00e9l\u00e8ves s\u00e9lectionn\u00e9s pour chanter et dire des po\u00e8mes (le tout\u2026","rel":"","context":"Dans &quot;Famille&quot;","block_context":{"text":"Famille","link":"https:\/\/vynz100photo.fr\/blog\/category\/famille-2\/"},"img":{"alt_text":"","src":"https:\/\/i0.wp.com\/vynz100photo.fr\/blog\/wp-content\/uploads\/2014\/04\/20140411-IMG_8512.jpg?fit=1024%2C683&ssl=1&resize=350%2C200","width":350,"height":200,"srcset":"https:\/\/i0.wp.com\/vynz100photo.fr\/blog\/wp-content\/uploads\/2014\/04\/20140411-IMG_8512.jpg?fit=1024%2C683&ssl=1&resize=350%2C200 1x, https:\/\/i0.wp.com\/vynz100photo.fr\/blog\/wp-content\/uploads\/2014\/04\/20140411-IMG_8512.jpg?fit=1024%2C683&ssl=1&resize=525%2C300 1.5x, https:\/\/i0.wp.com\/vynz100photo.fr\/blog\/wp-content\/uploads\/2014\/04\/20140411-IMG_8512.jpg?fit=1024%2C683&ssl=1&resize=700%2C400 2x"},"classes":[]}],"_links":{"self":[{"href":"https:\/\/vynz100photo.fr\/blog\/wp-json\/wp\/v2\/posts\/3694","targetHints":{"allow":["GET"]}}],"collection":[{"href":"https:\/\/vynz100photo.fr\/blog\/wp-json\/wp\/v2\/posts"}],"about":[{"href":"https:\/\/vynz100photo.fr\/blog\/wp-json\/wp\/v2\/types\/post"}],"author":[{"embeddable":true,"href":"https:\/\/vynz100photo.fr\/blog\/wp-json\/wp\/v2\/users\/1"}],"replies":[{"embeddable":true,"href":"https:\/\/vynz100photo.fr\/blog\/wp-json\/wp\/v2\/comments?post=3694"}],"version-history":[{"count":0,"href":"https:\/\/vynz100photo.fr\/blog\/wp-json\/wp\/v2\/posts\/3694\/revisions"}],"wp:featuredmedia":[{"embeddable":true,"href":"https:\/\/vynz100photo.fr\/blog\/wp-json\/wp\/v2\/media\/3703"}],"wp:attachment":[{"href":"https:\/\/vynz100photo.fr\/blog\/wp-json\/wp\/v2\/media?parent=3694"}],"wp:term":[{"taxonomy":"category","embeddable":true,"href":"https:\/\/vynz100photo.fr\/blog\/wp-json\/wp\/v2\/categories?post=3694"},{"taxonomy":"post_tag","embeddable":true,"href":"https:\/\/vynz100photo.fr\/blog\/wp-json\/wp\/v2\/tags?post=3694"}],"curies":[{"name":"wp","href":"https:\/\/api.w.org\/{rel}","templated":true}]}}