{"id":253,"date":"2012-10-11T23:36:13","date_gmt":"2012-10-11T15:36:13","guid":{"rendered":"http:\/\/vynz100photo.fr\/blog\/?p=253"},"modified":"2013-03-07T22:55:12","modified_gmt":"2013-03-07T14:55:12","slug":"promenade-au-fuxing-park-le-30-septembre","status":"publish","type":"post","link":"https:\/\/vynz100photo.fr\/blog\/promenade-au-fuxing-park-le-30-septembre\/","title":{"rendered":"Promenade au Fuxing Park le 30 septembre"},"content":{"rendered":"\n\t\t<style type=\"text\/css\">\n\t\t\t#gallery-1 {\n\t\t\t\tmargin: auto;\n\t\t\t}\n\t\t\t#gallery-1 .gallery-item {\n\t\t\t\tfloat: left;\n\t\t\t\tmargin-top: 10px;\n\t\t\t\ttext-align: center;\n\t\t\t\twidth: 100%;\n\t\t\t}\n\t\t\t#gallery-1 img {\n\t\t\t\tborder: 2px solid #cfcfcf;\n\t\t\t}\n\t\t\t#gallery-1 .gallery-caption {\n\t\t\t\tmargin-left: 0;\n\t\t\t}\n\t\t\t\/* see gallery_shortcode() in wp-includes\/media.php *\/\n\t\t<\/style>\n\t\t<div data-carousel-extra='{&quot;blog_id&quot;:1,&quot;permalink&quot;:&quot;https:\/\/vynz100photo.fr\/blog\/promenade-au-fuxing-park-le-30-septembre\/&quot;}' id='gallery-1' class='gallery galleryid-253 gallery-columns-1 gallery-size-thumbnail'><dl class='gallery-item'>\n\t\t\t<dt class='gallery-icon landscape'>\n\t\t\t\t<a href='https:\/\/vynz100photo.fr\/blog\/promenade-au-fuxing-park-le-30-septembre\/30092012-img_9198\/'><img loading=\"lazy\" decoding=\"async\" width=\"150\" height=\"150\" src=\"https:\/\/i0.wp.com\/vynz100photo.fr\/blog\/wp-content\/uploads\/2012\/10\/30092012-IMG_9198.jpg?resize=150%2C150&amp;ssl=1\" class=\"attachment-thumbnail size-thumbnail\" alt=\"\" aria-describedby=\"gallery-1-260\" srcset=\"https:\/\/i0.wp.com\/vynz100photo.fr\/blog\/wp-content\/uploads\/2012\/10\/30092012-IMG_9198.jpg?resize=150%2C150&amp;ssl=1 150w, https:\/\/i0.wp.com\/vynz100photo.fr\/blog\/wp-content\/uploads\/2012\/10\/30092012-IMG_9198.jpg?zoom=2&amp;resize=150%2C150&amp;ssl=1 300w, https:\/\/i0.wp.com\/vynz100photo.fr\/blog\/wp-content\/uploads\/2012\/10\/30092012-IMG_9198.jpg?zoom=3&amp;resize=150%2C150&amp;ssl=1 450w\" sizes=\"auto, (max-width: 150px) 100vw, 150px\" data-attachment-id=\"260\" data-permalink=\"https:\/\/vynz100photo.fr\/blog\/promenade-au-fuxing-park-le-30-septembre\/30092012-img_9198\/\" data-orig-file=\"https:\/\/i0.wp.com\/vynz100photo.fr\/blog\/wp-content\/uploads\/2012\/10\/30092012-IMG_9198.jpg?fit=1920%2C1280&amp;ssl=1\" data-orig-size=\"1920,1280\" data-comments-opened=\"1\" data-image-meta=\"{&quot;aperture&quot;:&quot;5.6&quot;,&quot;credit&quot;:&quot;&quot;,&quot;camera&quot;:&quot;Canon EOS 5D Mark II&quot;,&quot;caption&quot;:&quot;&quot;,&quot;created_timestamp&quot;:&quot;1349010391&quot;,&quot;copyright&quot;:&quot;&quot;,&quot;focal_length&quot;:&quot;50&quot;,&quot;iso&quot;:&quot;400&quot;,&quot;shutter_speed&quot;:&quot;0.0004&quot;,&quot;title&quot;:&quot;&quot;}\" data-image-title=\"30092012-IMG_9198\" data-image-description=\"\" data-image-caption=\"&lt;p&gt;Linge qui s\u00e8che&lt;\/p&gt;\n\" data-large-file=\"https:\/\/i0.wp.com\/vynz100photo.fr\/blog\/wp-content\/uploads\/2012\/10\/30092012-IMG_9198.jpg?fit=800%2C533&amp;ssl=1\" \/><\/a>\n\t\t\t<\/dt>\n\t\t\t\t<dd class='wp-caption-text gallery-caption' id='gallery-1-260'>\n\t\t\t\tLinge qui s\u00e8che\n\t\t\t\t<\/dd><\/dl><br style=\"clear: both\" \/><dl class='gallery-item'>\n\t\t\t<dt class='gallery-icon landscape'>\n\t\t\t\t<a href='https:\/\/vynz100photo.fr\/blog\/promenade-du-soir-a-qibao\/02102012-img_9489\/'><img loading=\"lazy\" decoding=\"async\" width=\"150\" height=\"150\" src=\"https:\/\/i0.wp.com\/vynz100photo.fr\/blog\/wp-content\/uploads\/2012\/10\/02102012-IMG_9489.jpg?resize=150%2C150&amp;ssl=1\" class=\"attachment-thumbnail size-thumbnail\" alt=\"\" srcset=\"https:\/\/i0.wp.com\/vynz100photo.fr\/blog\/wp-content\/uploads\/2012\/10\/02102012-IMG_9489.jpg?resize=150%2C150&amp;ssl=1 150w, https:\/\/i0.wp.com\/vynz100photo.fr\/blog\/wp-content\/uploads\/2012\/10\/02102012-IMG_9489.jpg?zoom=2&amp;resize=150%2C150&amp;ssl=1 300w, https:\/\/i0.wp.com\/vynz100photo.fr\/blog\/wp-content\/uploads\/2012\/10\/02102012-IMG_9489.jpg?zoom=3&amp;resize=150%2C150&amp;ssl=1 450w\" sizes=\"auto, (max-width: 150px) 100vw, 150px\" data-attachment-id=\"274\" data-permalink=\"https:\/\/vynz100photo.fr\/blog\/promenade-du-soir-a-qibao\/02102012-img_9489\/\" data-orig-file=\"https:\/\/i0.wp.com\/vynz100photo.fr\/blog\/wp-content\/uploads\/2012\/10\/02102012-IMG_9489.jpg?fit=1920%2C1280&amp;ssl=1\" data-orig-size=\"1920,1280\" data-comments-opened=\"1\" data-image-meta=\"{&quot;aperture&quot;:&quot;2&quot;,&quot;credit&quot;:&quot;&quot;,&quot;camera&quot;:&quot;Canon EOS 5D Mark II&quot;,&quot;caption&quot;:&quot;&quot;,&quot;created_timestamp&quot;:&quot;1349196389&quot;,&quot;copyright&quot;:&quot;&quot;,&quot;focal_length&quot;:&quot;50&quot;,&quot;iso&quot;:&quot;100&quot;,&quot;shutter_speed&quot;:&quot;0.0015625&quot;,&quot;title&quot;:&quot;&quot;}\" data-image-title=\"02102012-IMG_9489\" data-image-description=\"\" data-image-caption=\"\" data-large-file=\"https:\/\/i0.wp.com\/vynz100photo.fr\/blog\/wp-content\/uploads\/2012\/10\/02102012-IMG_9489.jpg?fit=800%2C533&amp;ssl=1\" \/><\/a>\n\t\t\t<\/dt><\/dl><br style=\"clear: both\" \/><dl class='gallery-item'>\n\t\t\t<dt class='gallery-icon portrait'>\n\t\t\t\t<a href='https:\/\/vynz100photo.fr\/blog\/promenade-au-fuxing-park-le-30-septembre\/30092012-dsc08573\/'><img loading=\"lazy\" decoding=\"async\" width=\"150\" height=\"150\" src=\"https:\/\/i0.wp.com\/vynz100photo.fr\/blog\/wp-content\/uploads\/2012\/10\/30092012-DSC08573.jpg?resize=150%2C150&amp;ssl=1\" class=\"attachment-thumbnail size-thumbnail\" alt=\"\" aria-describedby=\"gallery-1-266\" srcset=\"https:\/\/i0.wp.com\/vynz100photo.fr\/blog\/wp-content\/uploads\/2012\/10\/30092012-DSC08573.jpg?resize=150%2C150&amp;ssl=1 150w, https:\/\/i0.wp.com\/vynz100photo.fr\/blog\/wp-content\/uploads\/2012\/10\/30092012-DSC08573.jpg?zoom=2&amp;resize=150%2C150&amp;ssl=1 300w, https:\/\/i0.wp.com\/vynz100photo.fr\/blog\/wp-content\/uploads\/2012\/10\/30092012-DSC08573.jpg?zoom=3&amp;resize=150%2C150&amp;ssl=1 450w\" sizes=\"auto, (max-width: 150px) 100vw, 150px\" data-attachment-id=\"266\" data-permalink=\"https:\/\/vynz100photo.fr\/blog\/promenade-au-fuxing-park-le-30-septembre\/30092012-dsc08573\/\" data-orig-file=\"https:\/\/i0.wp.com\/vynz100photo.fr\/blog\/wp-content\/uploads\/2012\/10\/30092012-DSC08573.jpg?fit=1276%2C1920&amp;ssl=1\" data-orig-size=\"1276,1920\" data-comments-opened=\"1\" data-image-meta=\"{&quot;aperture&quot;:&quot;0&quot;,&quot;credit&quot;:&quot;&quot;,&quot;camera&quot;:&quot;NEX-5N&quot;,&quot;caption&quot;:&quot;&quot;,&quot;created_timestamp&quot;:&quot;1348985899&quot;,&quot;copyright&quot;:&quot;&quot;,&quot;focal_length&quot;:&quot;0&quot;,&quot;iso&quot;:&quot;200&quot;,&quot;shutter_speed&quot;:&quot;0.003125&quot;,&quot;title&quot;:&quot;&quot;}\" data-image-title=\"30092012-DSC08573\" data-image-description=\"\" data-image-caption=\"&lt;p&gt;Ready to go!&lt;\/p&gt;\n\" data-large-file=\"https:\/\/i0.wp.com\/vynz100photo.fr\/blog\/wp-content\/uploads\/2012\/10\/30092012-DSC08573.jpg?fit=680%2C1024&amp;ssl=1\" \/><\/a>\n\t\t\t<\/dt>\n\t\t\t\t<dd class='wp-caption-text gallery-caption' id='gallery-1-266'>\n\t\t\t\tReady to go!\n\t\t\t\t<\/dd><\/dl><br style=\"clear: both\" \/><dl class='gallery-item'>\n\t\t\t<dt class='gallery-icon portrait'>\n\t\t\t\t<a href='https:\/\/vynz100photo.fr\/blog\/promenade-au-fuxing-park-le-30-septembre\/30092012-dsc08584\/'><img loading=\"lazy\" decoding=\"async\" width=\"150\" height=\"150\" src=\"https:\/\/i0.wp.com\/vynz100photo.fr\/blog\/wp-content\/uploads\/2012\/10\/30092012-DSC08584.jpg?resize=150%2C150&amp;ssl=1\" class=\"attachment-thumbnail size-thumbnail\" alt=\"\" aria-describedby=\"gallery-1-265\" srcset=\"https:\/\/i0.wp.com\/vynz100photo.fr\/blog\/wp-content\/uploads\/2012\/10\/30092012-DSC08584.jpg?resize=150%2C150&amp;ssl=1 150w, https:\/\/i0.wp.com\/vynz100photo.fr\/blog\/wp-content\/uploads\/2012\/10\/30092012-DSC08584.jpg?zoom=2&amp;resize=150%2C150&amp;ssl=1 300w, https:\/\/i0.wp.com\/vynz100photo.fr\/blog\/wp-content\/uploads\/2012\/10\/30092012-DSC08584.jpg?zoom=3&amp;resize=150%2C150&amp;ssl=1 450w\" sizes=\"auto, (max-width: 150px) 100vw, 150px\" data-attachment-id=\"265\" data-permalink=\"https:\/\/vynz100photo.fr\/blog\/promenade-au-fuxing-park-le-30-septembre\/30092012-dsc08584\/\" data-orig-file=\"https:\/\/i0.wp.com\/vynz100photo.fr\/blog\/wp-content\/uploads\/2012\/10\/30092012-DSC08584.jpg?fit=1276%2C1920&amp;ssl=1\" data-orig-size=\"1276,1920\" data-comments-opened=\"1\" data-image-meta=\"{&quot;aperture&quot;:&quot;0&quot;,&quot;credit&quot;:&quot;&quot;,&quot;camera&quot;:&quot;NEX-5N&quot;,&quot;caption&quot;:&quot;&quot;,&quot;created_timestamp&quot;:&quot;1348987443&quot;,&quot;copyright&quot;:&quot;&quot;,&quot;focal_length&quot;:&quot;0&quot;,&quot;iso&quot;:&quot;3200&quot;,&quot;shutter_speed&quot;:&quot;0.00025&quot;,&quot;title&quot;:&quot;&quot;}\" data-image-title=\"30092012-DSC08584\" data-image-description=\"\" data-image-caption=\"&lt;p&gt;Dans la vieille ville&lt;\/p&gt;\n\" data-large-file=\"https:\/\/i0.wp.com\/vynz100photo.fr\/blog\/wp-content\/uploads\/2012\/10\/30092012-DSC08584.jpg?fit=680%2C1024&amp;ssl=1\" \/><\/a>\n\t\t\t<\/dt>\n\t\t\t\t<dd class='wp-caption-text gallery-caption' id='gallery-1-265'>\n\t\t\t\tDans la vieille ville\n\t\t\t\t<\/dd><\/dl><br style=\"clear: both\" \/><dl class='gallery-item'>\n\t\t\t<dt class='gallery-icon portrait'>\n\t\t\t\t<a href='https:\/\/vynz100photo.fr\/blog\/promenade-au-fuxing-park-le-30-septembre\/30092012-dsc08597\/'><img loading=\"lazy\" decoding=\"async\" width=\"150\" height=\"150\" src=\"https:\/\/i0.wp.com\/vynz100photo.fr\/blog\/wp-content\/uploads\/2012\/10\/30092012-DSC08597.jpg?resize=150%2C150&amp;ssl=1\" class=\"attachment-thumbnail size-thumbnail\" alt=\"\" aria-describedby=\"gallery-1-264\" srcset=\"https:\/\/i0.wp.com\/vynz100photo.fr\/blog\/wp-content\/uploads\/2012\/10\/30092012-DSC08597.jpg?resize=150%2C150&amp;ssl=1 150w, https:\/\/i0.wp.com\/vynz100photo.fr\/blog\/wp-content\/uploads\/2012\/10\/30092012-DSC08597.jpg?zoom=2&amp;resize=150%2C150&amp;ssl=1 300w, https:\/\/i0.wp.com\/vynz100photo.fr\/blog\/wp-content\/uploads\/2012\/10\/30092012-DSC08597.jpg?zoom=3&amp;resize=150%2C150&amp;ssl=1 450w\" sizes=\"auto, (max-width: 150px) 100vw, 150px\" data-attachment-id=\"264\" data-permalink=\"https:\/\/vynz100photo.fr\/blog\/promenade-au-fuxing-park-le-30-septembre\/30092012-dsc08597\/\" data-orig-file=\"https:\/\/i0.wp.com\/vynz100photo.fr\/blog\/wp-content\/uploads\/2012\/10\/30092012-DSC08597.jpg?fit=1276%2C1920&amp;ssl=1\" data-orig-size=\"1276,1920\" data-comments-opened=\"1\" data-image-meta=\"{&quot;aperture&quot;:&quot;0&quot;,&quot;credit&quot;:&quot;&quot;,&quot;camera&quot;:&quot;NEX-5N&quot;,&quot;caption&quot;:&quot;&quot;,&quot;created_timestamp&quot;:&quot;1348988719&quot;,&quot;copyright&quot;:&quot;&quot;,&quot;focal_length&quot;:&quot;0&quot;,&quot;iso&quot;:&quot;200&quot;,&quot;shutter_speed&quot;:&quot;0.00025&quot;,&quot;title&quot;:&quot;&quot;}\" data-image-title=\"30092012-DSC08597\" data-image-description=\"\" data-image-caption=\"&lt;p&gt;S\u00e8che-linge&lt;\/p&gt;\n\" data-large-file=\"https:\/\/i0.wp.com\/vynz100photo.fr\/blog\/wp-content\/uploads\/2012\/10\/30092012-DSC08597.jpg?fit=680%2C1024&amp;ssl=1\" \/><\/a>\n\t\t\t<\/dt>\n\t\t\t\t<dd class='wp-caption-text gallery-caption' id='gallery-1-264'>\n\t\t\t\tS\u00e8che-linge\n\t\t\t\t<\/dd><\/dl><br style=\"clear: both\" \/><dl class='gallery-item'>\n\t\t\t<dt class='gallery-icon landscape'>\n\t\t\t\t<a href='https:\/\/vynz100photo.fr\/blog\/promenade-au-fuxing-park-le-30-septembre\/30092012-dsc08602\/'><img loading=\"lazy\" decoding=\"async\" width=\"150\" height=\"150\" src=\"https:\/\/i0.wp.com\/vynz100photo.fr\/blog\/wp-content\/uploads\/2012\/10\/30092012-DSC08602.jpg?resize=150%2C150&amp;ssl=1\" class=\"attachment-thumbnail size-thumbnail\" alt=\"\" aria-describedby=\"gallery-1-263\" srcset=\"https:\/\/i0.wp.com\/vynz100photo.fr\/blog\/wp-content\/uploads\/2012\/10\/30092012-DSC08602.jpg?resize=150%2C150&amp;ssl=1 150w, https:\/\/i0.wp.com\/vynz100photo.fr\/blog\/wp-content\/uploads\/2012\/10\/30092012-DSC08602.jpg?zoom=2&amp;resize=150%2C150&amp;ssl=1 300w, https:\/\/i0.wp.com\/vynz100photo.fr\/blog\/wp-content\/uploads\/2012\/10\/30092012-DSC08602.jpg?zoom=3&amp;resize=150%2C150&amp;ssl=1 450w\" sizes=\"auto, (max-width: 150px) 100vw, 150px\" data-attachment-id=\"263\" data-permalink=\"https:\/\/vynz100photo.fr\/blog\/promenade-au-fuxing-park-le-30-septembre\/30092012-dsc08602\/\" data-orig-file=\"https:\/\/i0.wp.com\/vynz100photo.fr\/blog\/wp-content\/uploads\/2012\/10\/30092012-DSC08602.jpg?fit=1920%2C1276&amp;ssl=1\" data-orig-size=\"1920,1276\" data-comments-opened=\"1\" data-image-meta=\"{&quot;aperture&quot;:&quot;0&quot;,&quot;credit&quot;:&quot;&quot;,&quot;camera&quot;:&quot;NEX-5N&quot;,&quot;caption&quot;:&quot;&quot;,&quot;created_timestamp&quot;:&quot;1348989623&quot;,&quot;copyright&quot;:&quot;&quot;,&quot;focal_length&quot;:&quot;0&quot;,&quot;iso&quot;:&quot;6400&quot;,&quot;shutter_speed&quot;:&quot;0.0005&quot;,&quot;title&quot;:&quot;&quot;}\" data-image-title=\"30092012-DSC08602\" data-image-description=\"\" data-image-caption=\"&lt;p&gt;Food court chinoise&lt;\/p&gt;\n\" data-large-file=\"https:\/\/i0.wp.com\/vynz100photo.fr\/blog\/wp-content\/uploads\/2012\/10\/30092012-DSC08602.jpg?fit=800%2C531&amp;ssl=1\" \/><\/a>\n\t\t\t<\/dt>\n\t\t\t\t<dd class='wp-caption-text gallery-caption' id='gallery-1-263'>\n\t\t\t\tFood court chinoise\n\t\t\t\t<\/dd><\/dl><br style=\"clear: both\" \/><dl class='gallery-item'>\n\t\t\t<dt class='gallery-icon landscape'>\n\t\t\t\t<a href='https:\/\/vynz100photo.fr\/blog\/promenade-au-fuxing-park-le-30-septembre\/30092012-dsc08646\/'><img loading=\"lazy\" decoding=\"async\" width=\"150\" height=\"150\" src=\"https:\/\/i0.wp.com\/vynz100photo.fr\/blog\/wp-content\/uploads\/2012\/10\/30092012-DSC08646.jpg?resize=150%2C150&amp;ssl=1\" class=\"attachment-thumbnail size-thumbnail\" alt=\"\" aria-describedby=\"gallery-1-262\" srcset=\"https:\/\/i0.wp.com\/vynz100photo.fr\/blog\/wp-content\/uploads\/2012\/10\/30092012-DSC08646.jpg?resize=150%2C150&amp;ssl=1 150w, https:\/\/i0.wp.com\/vynz100photo.fr\/blog\/wp-content\/uploads\/2012\/10\/30092012-DSC08646.jpg?zoom=2&amp;resize=150%2C150&amp;ssl=1 300w, https:\/\/i0.wp.com\/vynz100photo.fr\/blog\/wp-content\/uploads\/2012\/10\/30092012-DSC08646.jpg?zoom=3&amp;resize=150%2C150&amp;ssl=1 450w\" sizes=\"auto, (max-width: 150px) 100vw, 150px\" data-attachment-id=\"262\" data-permalink=\"https:\/\/vynz100photo.fr\/blog\/promenade-au-fuxing-park-le-30-septembre\/30092012-dsc08646\/\" data-orig-file=\"https:\/\/i0.wp.com\/vynz100photo.fr\/blog\/wp-content\/uploads\/2012\/10\/30092012-DSC08646.jpg?fit=1920%2C1276&amp;ssl=1\" data-orig-size=\"1920,1276\" data-comments-opened=\"1\" data-image-meta=\"{&quot;aperture&quot;:&quot;0&quot;,&quot;credit&quot;:&quot;&quot;,&quot;camera&quot;:&quot;NEX-5N&quot;,&quot;caption&quot;:&quot;&quot;,&quot;created_timestamp&quot;:&quot;1348998459&quot;,&quot;copyright&quot;:&quot;&quot;,&quot;focal_length&quot;:&quot;0&quot;,&quot;iso&quot;:&quot;400&quot;,&quot;shutter_speed&quot;:&quot;0.00025&quot;,&quot;title&quot;:&quot;&quot;}\" data-image-title=\"30092012-DSC08646\" data-image-description=\"\" data-image-caption=\"&lt;p&gt;Contemplatives&lt;\/p&gt;\n\" data-large-file=\"https:\/\/i0.wp.com\/vynz100photo.fr\/blog\/wp-content\/uploads\/2012\/10\/30092012-DSC08646.jpg?fit=800%2C531&amp;ssl=1\" \/><\/a>\n\t\t\t<\/dt>\n\t\t\t\t<dd class='wp-caption-text gallery-caption' id='gallery-1-262'>\n\t\t\t\tContemplatives\n\t\t\t\t<\/dd><\/dl><br style=\"clear: both\" \/><dl class='gallery-item'>\n\t\t\t<dt class='gallery-icon landscape'>\n\t\t\t\t<a href='https:\/\/vynz100photo.fr\/blog\/promenade-au-fuxing-park-le-30-septembre\/30092012-img_9197\/'><img loading=\"lazy\" decoding=\"async\" width=\"150\" height=\"150\" src=\"https:\/\/i0.wp.com\/vynz100photo.fr\/blog\/wp-content\/uploads\/2012\/10\/30092012-IMG_9197.jpg?resize=150%2C150&amp;ssl=1\" class=\"attachment-thumbnail size-thumbnail\" alt=\"\" aria-describedby=\"gallery-1-261\" srcset=\"https:\/\/i0.wp.com\/vynz100photo.fr\/blog\/wp-content\/uploads\/2012\/10\/30092012-IMG_9197.jpg?w=1920&amp;ssl=1 1920w, https:\/\/i0.wp.com\/vynz100photo.fr\/blog\/wp-content\/uploads\/2012\/10\/30092012-IMG_9197.jpg?resize=150%2C150&amp;ssl=1 150w, https:\/\/i0.wp.com\/vynz100photo.fr\/blog\/wp-content\/uploads\/2012\/10\/30092012-IMG_9197.jpg?resize=300%2C300&amp;ssl=1 300w, https:\/\/i0.wp.com\/vynz100photo.fr\/blog\/wp-content\/uploads\/2012\/10\/30092012-IMG_9197.jpg?resize=1024%2C1024&amp;ssl=1 1024w, https:\/\/i0.wp.com\/vynz100photo.fr\/blog\/wp-content\/uploads\/2012\/10\/30092012-IMG_9197.jpg?w=1600&amp;ssl=1 1600w\" sizes=\"auto, (max-width: 150px) 100vw, 150px\" data-attachment-id=\"261\" data-permalink=\"https:\/\/vynz100photo.fr\/blog\/promenade-au-fuxing-park-le-30-septembre\/30092012-img_9197\/\" data-orig-file=\"https:\/\/i0.wp.com\/vynz100photo.fr\/blog\/wp-content\/uploads\/2012\/10\/30092012-IMG_9197.jpg?fit=1920%2C1920&amp;ssl=1\" data-orig-size=\"1920,1920\" data-comments-opened=\"1\" data-image-meta=\"{&quot;aperture&quot;:&quot;2&quot;,&quot;credit&quot;:&quot;&quot;,&quot;camera&quot;:&quot;Canon EOS 5D Mark II&quot;,&quot;caption&quot;:&quot;&quot;,&quot;created_timestamp&quot;:&quot;1349010186&quot;,&quot;copyright&quot;:&quot;&quot;,&quot;focal_length&quot;:&quot;50&quot;,&quot;iso&quot;:&quot;400&quot;,&quot;shutter_speed&quot;:&quot;0.033333333333333&quot;,&quot;title&quot;:&quot;&quot;}\" data-image-title=\"30092012-IMG_9197\" data-image-description=\"\" data-image-caption=\"&lt;p&gt;Haricots magiques&lt;\/p&gt;\n\" data-large-file=\"https:\/\/i0.wp.com\/vynz100photo.fr\/blog\/wp-content\/uploads\/2012\/10\/30092012-IMG_9197.jpg?fit=800%2C800&amp;ssl=1\" \/><\/a>\n\t\t\t<\/dt>\n\t\t\t\t<dd class='wp-caption-text gallery-caption' id='gallery-1-261'>\n\t\t\t\tHaricots magiques\n\t\t\t\t<\/dd><\/dl><br style=\"clear: both\" \/><dl class='gallery-item'>\n\t\t\t<dt class='gallery-icon portrait'>\n\t\t\t\t<a href='https:\/\/vynz100photo.fr\/blog\/promenade-au-fuxing-park-le-30-septembre\/30092012-img_9228\/'><img loading=\"lazy\" decoding=\"async\" width=\"150\" height=\"150\" src=\"https:\/\/i0.wp.com\/vynz100photo.fr\/blog\/wp-content\/uploads\/2012\/10\/30092012-IMG_9228.jpg?resize=150%2C150&amp;ssl=1\" class=\"attachment-thumbnail size-thumbnail\" alt=\"\" aria-describedby=\"gallery-1-259\" srcset=\"https:\/\/i0.wp.com\/vynz100photo.fr\/blog\/wp-content\/uploads\/2012\/10\/30092012-IMG_9228.jpg?resize=150%2C150&amp;ssl=1 150w, https:\/\/i0.wp.com\/vynz100photo.fr\/blog\/wp-content\/uploads\/2012\/10\/30092012-IMG_9228.jpg?zoom=2&amp;resize=150%2C150&amp;ssl=1 300w, https:\/\/i0.wp.com\/vynz100photo.fr\/blog\/wp-content\/uploads\/2012\/10\/30092012-IMG_9228.jpg?zoom=3&amp;resize=150%2C150&amp;ssl=1 450w\" sizes=\"auto, (max-width: 150px) 100vw, 150px\" data-attachment-id=\"259\" data-permalink=\"https:\/\/vynz100photo.fr\/blog\/promenade-au-fuxing-park-le-30-septembre\/30092012-img_9228\/\" data-orig-file=\"https:\/\/i0.wp.com\/vynz100photo.fr\/blog\/wp-content\/uploads\/2012\/10\/30092012-IMG_9228.jpg?fit=1280%2C1920&amp;ssl=1\" data-orig-size=\"1280,1920\" data-comments-opened=\"1\" data-image-meta=\"{&quot;aperture&quot;:&quot;2&quot;,&quot;credit&quot;:&quot;&quot;,&quot;camera&quot;:&quot;Canon EOS 5D Mark II&quot;,&quot;caption&quot;:&quot;&quot;,&quot;created_timestamp&quot;:&quot;1349018003&quot;,&quot;copyright&quot;:&quot;&quot;,&quot;focal_length&quot;:&quot;50&quot;,&quot;iso&quot;:&quot;100&quot;,&quot;shutter_speed&quot;:&quot;0.00025&quot;,&quot;title&quot;:&quot;&quot;}\" data-image-title=\"30092012-IMG_9228\" data-image-description=\"\" data-image-caption=\"&lt;p&gt;Marx et Engels, les r\u00e9f\u00e9rences&lt;\/p&gt;\n\" data-large-file=\"https:\/\/i0.wp.com\/vynz100photo.fr\/blog\/wp-content\/uploads\/2012\/10\/30092012-IMG_9228.jpg?fit=682%2C1024&amp;ssl=1\" \/><\/a>\n\t\t\t<\/dt>\n\t\t\t\t<dd class='wp-caption-text gallery-caption' id='gallery-1-259'>\n\t\t\t\tMarx et Engels, les r\u00e9f\u00e9rences\n\t\t\t\t<\/dd><\/dl><br style=\"clear: both\" \/><dl class='gallery-item'>\n\t\t\t<dt class='gallery-icon portrait'>\n\t\t\t\t<a href='https:\/\/vynz100photo.fr\/blog\/promenade-au-fuxing-park-le-30-septembre\/30092012-img_9272\/'><img loading=\"lazy\" decoding=\"async\" width=\"150\" height=\"150\" src=\"https:\/\/i0.wp.com\/vynz100photo.fr\/blog\/wp-content\/uploads\/2012\/10\/30092012-IMG_9272.jpg?resize=150%2C150&amp;ssl=1\" class=\"attachment-thumbnail size-thumbnail\" alt=\"\" aria-describedby=\"gallery-1-258\" srcset=\"https:\/\/i0.wp.com\/vynz100photo.fr\/blog\/wp-content\/uploads\/2012\/10\/30092012-IMG_9272.jpg?resize=150%2C150&amp;ssl=1 150w, https:\/\/i0.wp.com\/vynz100photo.fr\/blog\/wp-content\/uploads\/2012\/10\/30092012-IMG_9272.jpg?zoom=2&amp;resize=150%2C150&amp;ssl=1 300w, https:\/\/i0.wp.com\/vynz100photo.fr\/blog\/wp-content\/uploads\/2012\/10\/30092012-IMG_9272.jpg?zoom=3&amp;resize=150%2C150&amp;ssl=1 450w\" sizes=\"auto, (max-width: 150px) 100vw, 150px\" data-attachment-id=\"258\" data-permalink=\"https:\/\/vynz100photo.fr\/blog\/promenade-au-fuxing-park-le-30-septembre\/30092012-img_9272\/\" data-orig-file=\"https:\/\/i0.wp.com\/vynz100photo.fr\/blog\/wp-content\/uploads\/2012\/10\/30092012-IMG_9272.jpg?fit=1280%2C1920&amp;ssl=1\" data-orig-size=\"1280,1920\" data-comments-opened=\"1\" data-image-meta=\"{&quot;aperture&quot;:&quot;1.4&quot;,&quot;credit&quot;:&quot;&quot;,&quot;camera&quot;:&quot;Canon EOS 5D Mark II&quot;,&quot;caption&quot;:&quot;&quot;,&quot;created_timestamp&quot;:&quot;1349020108&quot;,&quot;copyright&quot;:&quot;&quot;,&quot;focal_length&quot;:&quot;50&quot;,&quot;iso&quot;:&quot;100&quot;,&quot;shutter_speed&quot;:&quot;0.0015625&quot;,&quot;title&quot;:&quot;&quot;}\" data-image-title=\"30092012-IMG_9272\" data-image-description=\"\" data-image-caption=\"&lt;p&gt;Les cerfs-volants&lt;\/p&gt;\n\" data-large-file=\"https:\/\/i0.wp.com\/vynz100photo.fr\/blog\/wp-content\/uploads\/2012\/10\/30092012-IMG_9272.jpg?fit=682%2C1024&amp;ssl=1\" \/><\/a>\n\t\t\t<\/dt>\n\t\t\t\t<dd class='wp-caption-text gallery-caption' id='gallery-1-258'>\n\t\t\t\tLes cerfs-volants\n\t\t\t\t<\/dd><\/dl><br style=\"clear: both\" \/><dl class='gallery-item'>\n\t\t\t<dt class='gallery-icon landscape'>\n\t\t\t\t<a href='https:\/\/vynz100photo.fr\/blog\/promenade-au-fuxing-park-le-30-septembre\/30092012-img_9290\/'><img loading=\"lazy\" decoding=\"async\" width=\"150\" height=\"150\" src=\"https:\/\/i0.wp.com\/vynz100photo.fr\/blog\/wp-content\/uploads\/2012\/10\/30092012-IMG_9290.jpg?resize=150%2C150&amp;ssl=1\" class=\"attachment-thumbnail size-thumbnail\" alt=\"\" aria-describedby=\"gallery-1-257\" srcset=\"https:\/\/i0.wp.com\/vynz100photo.fr\/blog\/wp-content\/uploads\/2012\/10\/30092012-IMG_9290.jpg?resize=150%2C150&amp;ssl=1 150w, https:\/\/i0.wp.com\/vynz100photo.fr\/blog\/wp-content\/uploads\/2012\/10\/30092012-IMG_9290.jpg?zoom=2&amp;resize=150%2C150&amp;ssl=1 300w, https:\/\/i0.wp.com\/vynz100photo.fr\/blog\/wp-content\/uploads\/2012\/10\/30092012-IMG_9290.jpg?zoom=3&amp;resize=150%2C150&amp;ssl=1 450w\" sizes=\"auto, (max-width: 150px) 100vw, 150px\" data-attachment-id=\"257\" data-permalink=\"https:\/\/vynz100photo.fr\/blog\/promenade-au-fuxing-park-le-30-septembre\/30092012-img_9290\/\" data-orig-file=\"https:\/\/i0.wp.com\/vynz100photo.fr\/blog\/wp-content\/uploads\/2012\/10\/30092012-IMG_9290.jpg?fit=1920%2C1280&amp;ssl=1\" data-orig-size=\"1920,1280\" data-comments-opened=\"1\" data-image-meta=\"{&quot;aperture&quot;:&quot;1.4&quot;,&quot;credit&quot;:&quot;&quot;,&quot;camera&quot;:&quot;Canon EOS 5D Mark II&quot;,&quot;caption&quot;:&quot;&quot;,&quot;created_timestamp&quot;:&quot;1349020517&quot;,&quot;copyright&quot;:&quot;&quot;,&quot;focal_length&quot;:&quot;50&quot;,&quot;iso&quot;:&quot;100&quot;,&quot;shutter_speed&quot;:&quot;0.001&quot;,&quot;title&quot;:&quot;&quot;}\" data-image-title=\"30092012-IMG_9290\" data-image-description=\"\" data-image-caption=\"&lt;p&gt;Clown chinois&lt;\/p&gt;\n\" data-large-file=\"https:\/\/i0.wp.com\/vynz100photo.fr\/blog\/wp-content\/uploads\/2012\/10\/30092012-IMG_9290.jpg?fit=800%2C533&amp;ssl=1\" \/><\/a>\n\t\t\t<\/dt>\n\t\t\t\t<dd class='wp-caption-text gallery-caption' id='gallery-1-257'>\n\t\t\t\tClown chinois\n\t\t\t\t<\/dd><\/dl><br style=\"clear: both\" \/><dl class='gallery-item'>\n\t\t\t<dt class='gallery-icon portrait'>\n\t\t\t\t<a href='https:\/\/vynz100photo.fr\/blog\/promenade-au-fuxing-park-le-30-septembre\/30092012-img_9296\/'><img loading=\"lazy\" decoding=\"async\" width=\"150\" height=\"150\" src=\"https:\/\/i0.wp.com\/vynz100photo.fr\/blog\/wp-content\/uploads\/2012\/10\/30092012-IMG_9296.jpg?resize=150%2C150&amp;ssl=1\" class=\"attachment-thumbnail size-thumbnail\" alt=\"\" aria-describedby=\"gallery-1-256\" srcset=\"https:\/\/i0.wp.com\/vynz100photo.fr\/blog\/wp-content\/uploads\/2012\/10\/30092012-IMG_9296.jpg?resize=150%2C150&amp;ssl=1 150w, https:\/\/i0.wp.com\/vynz100photo.fr\/blog\/wp-content\/uploads\/2012\/10\/30092012-IMG_9296.jpg?zoom=2&amp;resize=150%2C150&amp;ssl=1 300w, https:\/\/i0.wp.com\/vynz100photo.fr\/blog\/wp-content\/uploads\/2012\/10\/30092012-IMG_9296.jpg?zoom=3&amp;resize=150%2C150&amp;ssl=1 450w\" sizes=\"auto, (max-width: 150px) 100vw, 150px\" data-attachment-id=\"256\" data-permalink=\"https:\/\/vynz100photo.fr\/blog\/promenade-au-fuxing-park-le-30-septembre\/30092012-img_9296\/\" data-orig-file=\"https:\/\/i0.wp.com\/vynz100photo.fr\/blog\/wp-content\/uploads\/2012\/10\/30092012-IMG_9296.jpg?fit=1280%2C1920&amp;ssl=1\" data-orig-size=\"1280,1920\" data-comments-opened=\"1\" data-image-meta=\"{&quot;aperture&quot;:&quot;1.4&quot;,&quot;credit&quot;:&quot;&quot;,&quot;camera&quot;:&quot;Canon EOS 5D Mark II&quot;,&quot;caption&quot;:&quot;&quot;,&quot;created_timestamp&quot;:&quot;1349020570&quot;,&quot;copyright&quot;:&quot;&quot;,&quot;focal_length&quot;:&quot;50&quot;,&quot;iso&quot;:&quot;100&quot;,&quot;shutter_speed&quot;:&quot;0.004&quot;,&quot;title&quot;:&quot;&quot;}\" data-image-title=\"30092012-IMG_9296\" data-image-description=\"\" data-image-caption=\"&lt;p&gt;Etirement&lt;\/p&gt;\n\" data-large-file=\"https:\/\/i0.wp.com\/vynz100photo.fr\/blog\/wp-content\/uploads\/2012\/10\/30092012-IMG_9296.jpg?fit=682%2C1024&amp;ssl=1\" \/><\/a>\n\t\t\t<\/dt>\n\t\t\t\t<dd class='wp-caption-text gallery-caption' id='gallery-1-256'>\n\t\t\t\tEtirement\n\t\t\t\t<\/dd><\/dl><br style=\"clear: both\" \/><dl class='gallery-item'>\n\t\t\t<dt class='gallery-icon landscape'>\n\t\t\t\t<a href='https:\/\/vynz100photo.fr\/blog\/promenade-au-fuxing-park-le-30-septembre\/30092012-img_9305-modifier\/'><img loading=\"lazy\" decoding=\"async\" width=\"150\" height=\"150\" src=\"https:\/\/i0.wp.com\/vynz100photo.fr\/blog\/wp-content\/uploads\/2012\/10\/30092012-IMG_9305-Modifier.jpg?resize=150%2C150&amp;ssl=1\" class=\"attachment-thumbnail size-thumbnail\" alt=\"\" aria-describedby=\"gallery-1-255\" srcset=\"https:\/\/i0.wp.com\/vynz100photo.fr\/blog\/wp-content\/uploads\/2012\/10\/30092012-IMG_9305-Modifier.jpg?resize=150%2C150&amp;ssl=1 150w, https:\/\/i0.wp.com\/vynz100photo.fr\/blog\/wp-content\/uploads\/2012\/10\/30092012-IMG_9305-Modifier.jpg?zoom=2&amp;resize=150%2C150&amp;ssl=1 300w, https:\/\/i0.wp.com\/vynz100photo.fr\/blog\/wp-content\/uploads\/2012\/10\/30092012-IMG_9305-Modifier.jpg?zoom=3&amp;resize=150%2C150&amp;ssl=1 450w\" sizes=\"auto, (max-width: 150px) 100vw, 150px\" data-attachment-id=\"255\" data-permalink=\"https:\/\/vynz100photo.fr\/blog\/promenade-au-fuxing-park-le-30-septembre\/30092012-img_9305-modifier\/\" data-orig-file=\"https:\/\/i0.wp.com\/vynz100photo.fr\/blog\/wp-content\/uploads\/2012\/10\/30092012-IMG_9305-Modifier.jpg?fit=1920%2C1280&amp;ssl=1\" data-orig-size=\"1920,1280\" data-comments-opened=\"1\" data-image-meta=\"{&quot;aperture&quot;:&quot;1.4&quot;,&quot;credit&quot;:&quot;&quot;,&quot;camera&quot;:&quot;Canon EOS 5D Mark II&quot;,&quot;caption&quot;:&quot;&quot;,&quot;created_timestamp&quot;:&quot;1349020846&quot;,&quot;copyright&quot;:&quot;&quot;,&quot;focal_length&quot;:&quot;50&quot;,&quot;iso&quot;:&quot;100&quot;,&quot;shutter_speed&quot;:&quot;0.008&quot;,&quot;title&quot;:&quot;&quot;}\" data-image-title=\"30092012-IMG_9305-Modifier\" data-image-description=\"\" data-image-caption=\"&lt;p&gt;La sage M\u00e9line&lt;\/p&gt;\n\" data-large-file=\"https:\/\/i0.wp.com\/vynz100photo.fr\/blog\/wp-content\/uploads\/2012\/10\/30092012-IMG_9305-Modifier.jpg?fit=800%2C533&amp;ssl=1\" \/><\/a>\n\t\t\t<\/dt>\n\t\t\t\t<dd class='wp-caption-text gallery-caption' id='gallery-1-255'>\n\t\t\t\tLa sage M\u00e9line\n\t\t\t\t<\/dd><\/dl><br style=\"clear: both\" \/><dl class='gallery-item'>\n\t\t\t<dt class='gallery-icon landscape'>\n\t\t\t\t<a href='https:\/\/vynz100photo.fr\/blog\/promenade-au-fuxing-park-le-30-septembre\/30092012-img_9323\/'><img loading=\"lazy\" decoding=\"async\" width=\"150\" height=\"150\" src=\"https:\/\/i0.wp.com\/vynz100photo.fr\/blog\/wp-content\/uploads\/2012\/10\/30092012-IMG_9323.jpg?resize=150%2C150&amp;ssl=1\" class=\"attachment-thumbnail size-thumbnail\" alt=\"\" aria-describedby=\"gallery-1-254\" srcset=\"https:\/\/i0.wp.com\/vynz100photo.fr\/blog\/wp-content\/uploads\/2012\/10\/30092012-IMG_9323.jpg?w=1920&amp;ssl=1 1920w, https:\/\/i0.wp.com\/vynz100photo.fr\/blog\/wp-content\/uploads\/2012\/10\/30092012-IMG_9323.jpg?resize=150%2C150&amp;ssl=1 150w, https:\/\/i0.wp.com\/vynz100photo.fr\/blog\/wp-content\/uploads\/2012\/10\/30092012-IMG_9323.jpg?resize=300%2C300&amp;ssl=1 300w, https:\/\/i0.wp.com\/vynz100photo.fr\/blog\/wp-content\/uploads\/2012\/10\/30092012-IMG_9323.jpg?resize=1024%2C1024&amp;ssl=1 1024w, https:\/\/i0.wp.com\/vynz100photo.fr\/blog\/wp-content\/uploads\/2012\/10\/30092012-IMG_9323.jpg?w=1600&amp;ssl=1 1600w\" sizes=\"auto, (max-width: 150px) 100vw, 150px\" data-attachment-id=\"254\" data-permalink=\"https:\/\/vynz100photo.fr\/blog\/promenade-au-fuxing-park-le-30-septembre\/30092012-img_9323\/\" data-orig-file=\"https:\/\/i0.wp.com\/vynz100photo.fr\/blog\/wp-content\/uploads\/2012\/10\/30092012-IMG_9323.jpg?fit=1920%2C1920&amp;ssl=1\" data-orig-size=\"1920,1920\" data-comments-opened=\"1\" data-image-meta=\"{&quot;aperture&quot;:&quot;1.4&quot;,&quot;credit&quot;:&quot;&quot;,&quot;camera&quot;:&quot;Canon EOS 5D Mark II&quot;,&quot;caption&quot;:&quot;&quot;,&quot;created_timestamp&quot;:&quot;1349021135&quot;,&quot;copyright&quot;:&quot;&quot;,&quot;focal_length&quot;:&quot;50&quot;,&quot;iso&quot;:&quot;100&quot;,&quot;shutter_speed&quot;:&quot;0.001&quot;,&quot;title&quot;:&quot;&quot;}\" data-image-title=\"30092012-IMG_9323\" data-image-description=\"\" data-image-caption=\"&lt;p&gt;Lumineuse&lt;\/p&gt;\n\" data-large-file=\"https:\/\/i0.wp.com\/vynz100photo.fr\/blog\/wp-content\/uploads\/2012\/10\/30092012-IMG_9323.jpg?fit=800%2C800&amp;ssl=1\" \/><\/a>\n\t\t\t<\/dt>\n\t\t\t\t<dd class='wp-caption-text gallery-caption' id='gallery-1-254'>\n\t\t\t\tLumineuse\n\t\t\t\t<\/dd><\/dl><br style=\"clear: both\" \/>\n\t\t<\/div>\n\n","protected":false},"excerpt":{"rendered":"","protected":false},"author":1,"featured_media":0,"comment_status":"open","ping_status":"open","sticky":false,"template":"","format":"standard","meta":{"_mo_disable_npp":"","jetpack_post_was_ever_published":false,"_jetpack_newsletter_access":"","_jetpack_dont_email_post_to_subs":false,"_jetpack_newsletter_tier_id":0,"_jetpack_memberships_contains_paywalled_content":false,"_jetpack_memberships_contains_paid_content":false,"footnotes":"","jetpack_publicize_message":"","jetpack_publicize_feature_enabled":true,"jetpack_social_post_already_shared":false,"jetpack_social_options":{"image_generator_settings":{"template":"highway","default_image_id":0,"font":"","enabled":false},"version":2}},"categories":[15],"tags":[7,9,20,5],"class_list":["post-253","post","type-post","status-publish","format-standard","hentry","category-famille-2","tag-chine","tag-famille","tag-parc","tag-shanghai"],"jetpack_publicize_connections":[],"jetpack_featured_media_url":"","jetpack_sharing_enabled":true,"jetpack_shortlink":"https:\/\/wp.me\/p3QNY7-45","jetpack_likes_enabled":true,"jetpack-related-posts":[{"id":378,"url":"https:\/\/vynz100photo.fr\/blog\/378\/","url_meta":{"origin":253,"position":0},"title":"Le printemps revient&#8230;","author":"Vincent","date":"7 mars 2013","format":false,"excerpt":"Une journ\u00e9e bien remplie, \u00e7a commence par une lettre d'amoureux en direct depuis la France... \u00a0 \u00a0 \u00a0 \u00a0 Ensuite, un peu de cuisine en famille... \u00a0 \u00a0 On attend patiemment en \u00e9crivant, pendant que \u00e7a cuit... \u00a0 \u00a0 Et \u00e7a y est, on se r\u00e9gale! Bon app\u00e9tit! \u00a0","rel":"","context":"Dans &quot;Famille&quot;","block_context":{"text":"Famille","link":"https:\/\/vynz100photo.fr\/blog\/category\/famille-2\/"},"img":{"alt_text":"La Lettre","src":"https:\/\/i0.wp.com\/vynz100photo.fr\/blog\/wp-content\/uploads\/2013\/03\/20130307-IMG_6026.jpg?resize=350%2C200","width":350,"height":200,"srcset":"https:\/\/i0.wp.com\/vynz100photo.fr\/blog\/wp-content\/uploads\/2013\/03\/20130307-IMG_6026.jpg?resize=350%2C200 1x, https:\/\/i0.wp.com\/vynz100photo.fr\/blog\/wp-content\/uploads\/2013\/03\/20130307-IMG_6026.jpg?resize=525%2C300 1.5x, https:\/\/i0.wp.com\/vynz100photo.fr\/blog\/wp-content\/uploads\/2013\/03\/20130307-IMG_6026.jpg?resize=700%2C400 2x"},"classes":[]},{"id":1976,"url":"https:\/\/vynz100photo.fr\/blog\/toulouse-en-famille\/","url_meta":{"origin":253,"position":1},"title":"Toulouse en famille","author":"Vincent","date":"31 d\u00e9cembre 2013","format":false,"excerpt":"Dimanche 29 d\u00e9cembre Les activit\u00e9s ne manquent pas: les accros aux jeux vid\u00e9os, les fanatiques des \u00e9checs, les fous d'Harry Potter, les cuisini\u00e8res r\u00e9unionnaises... seule Olivane pr\u00e9f\u00e8re rester vomir dans sa chambre, pour elle c'est gastro. Chacun son truc! Il faut aussi tester, avec un succ\u00e8s mitig\u00e9, le nouveau cerf-volant\u2026","rel":"","context":"Dans &quot;Famille&quot;","block_context":{"text":"Famille","link":"https:\/\/vynz100photo.fr\/blog\/category\/famille-2\/"},"img":{"alt_text":"20131229-IMG_5630","src":"https:\/\/i0.wp.com\/vynz100photo.fr\/blog\/wp-content\/uploads\/2013\/12\/20131229-IMG_5630.jpg?resize=350%2C200","width":350,"height":200,"srcset":"https:\/\/i0.wp.com\/vynz100photo.fr\/blog\/wp-content\/uploads\/2013\/12\/20131229-IMG_5630.jpg?resize=350%2C200 1x, https:\/\/i0.wp.com\/vynz100photo.fr\/blog\/wp-content\/uploads\/2013\/12\/20131229-IMG_5630.jpg?resize=525%2C300 1.5x"},"classes":[]},{"id":567,"url":"https:\/\/vynz100photo.fr\/blog\/pour-decompresser-promenade-du-soir\/","url_meta":{"origin":253,"position":2},"title":"Pour d\u00e9compresser, promenade du soir","author":"Vincent","date":"11 avril 2013","format":false,"excerpt":"Pour se changer les id\u00e9es apr\u00e8s nos journ\u00e9es de cours bien charg\u00e9es, rien de tel qu'une petite balade en famille dans les rues de la Concession... parcs, petites lanes surprenantes, arbres fleuris et vendeurs de rue, on se sent vraiment en Chine... \u00a0","rel":"","context":"Dans &quot;Famille&quot;","block_context":{"text":"Famille","link":"https:\/\/vynz100photo.fr\/blog\/category\/famille-2\/"},"img":{"alt_text":"Matou","src":"https:\/\/i0.wp.com\/vynz100photo.fr\/blog\/wp-content\/uploads\/2013\/04\/20130411-IMG_7360-1024x682.jpg?resize=350%2C200","width":350,"height":200,"srcset":"https:\/\/i0.wp.com\/vynz100photo.fr\/blog\/wp-content\/uploads\/2013\/04\/20130411-IMG_7360-1024x682.jpg?resize=350%2C200 1x, https:\/\/i0.wp.com\/vynz100photo.fr\/blog\/wp-content\/uploads\/2013\/04\/20130411-IMG_7360-1024x682.jpg?resize=525%2C300 1.5x"},"classes":[]},{"id":1724,"url":"https:\/\/vynz100photo.fr\/blog\/activites-du-soir\/","url_meta":{"origin":253,"position":3},"title":"Activit\u00e9s du soir&#8230;","author":"Vincent","date":"16 novembre 2013","format":false,"excerpt":"Que font les filles avant de se coucher, le soir? R\u00e9ponse dans les photos qui suivent: M\u00e9line lit (pour elle et pour sa soeur) et Olivane dessine... dur dur la vie des petites chinoises!","rel":"","context":"Dans &quot;Famille&quot;","block_context":{"text":"Famille","link":"https:\/\/vynz100photo.fr\/blog\/category\/famille-2\/"},"img":{"alt_text":"20131112-_A1B2852","src":"https:\/\/i0.wp.com\/vynz100photo.fr\/blog\/wp-content\/uploads\/2013\/11\/20131112-_A1B2852.jpg?resize=350%2C200","width":350,"height":200,"srcset":"https:\/\/i0.wp.com\/vynz100photo.fr\/blog\/wp-content\/uploads\/2013\/11\/20131112-_A1B2852.jpg?resize=350%2C200 1x, https:\/\/i0.wp.com\/vynz100photo.fr\/blog\/wp-content\/uploads\/2013\/11\/20131112-_A1B2852.jpg?resize=525%2C300 1.5x, https:\/\/i0.wp.com\/vynz100photo.fr\/blog\/wp-content\/uploads\/2013\/11\/20131112-_A1B2852.jpg?resize=700%2C400 2x"},"classes":[]},{"id":166,"url":"https:\/\/vynz100photo.fr\/blog\/petites-chinoises\/","url_meta":{"origin":253,"position":4},"title":"Petites chinoises&#8230;","author":"Vincent","date":"14 septembre 2012","format":false,"excerpt":"Voil\u00e0, c'est fait, elles sont d\u00e9sormais locales... le pyjama de comp\u00e9tition est sorti, l'effet est radical... on en a profit\u00e9 pour se faire un restau m\u00eame pas bon et cher (le probl\u00e8me quand on ne parle pas chinois, certaines subtilit\u00e9s nous \u00e9chappent...), pendant que le pyjama d'Olivane perdait sa teinture\u2026","rel":"","context":"Dans &quot;Famille&quot;","block_context":{"text":"Famille","link":"https:\/\/vynz100photo.fr\/blog\/category\/famille-2\/"},"img":{"alt_text":"","src":"https:\/\/i0.wp.com\/vynz100photo.fr\/blog\/wp-content\/uploads\/2012\/09\/14092012-IMG_8694.jpg?resize=350%2C200","width":350,"height":200,"srcset":"https:\/\/i0.wp.com\/vynz100photo.fr\/blog\/wp-content\/uploads\/2012\/09\/14092012-IMG_8694.jpg?resize=350%2C200 1x, https:\/\/i0.wp.com\/vynz100photo.fr\/blog\/wp-content\/uploads\/2012\/09\/14092012-IMG_8694.jpg?resize=525%2C300 1.5x, https:\/\/i0.wp.com\/vynz100photo.fr\/blog\/wp-content\/uploads\/2012\/09\/14092012-IMG_8694.jpg?resize=700%2C400 2x, https:\/\/i0.wp.com\/vynz100photo.fr\/blog\/wp-content\/uploads\/2012\/09\/14092012-IMG_8694.jpg?resize=1050%2C600 3x, https:\/\/i0.wp.com\/vynz100photo.fr\/blog\/wp-content\/uploads\/2012\/09\/14092012-IMG_8694.jpg?resize=1400%2C800 4x"},"classes":[]},{"id":399,"url":"https:\/\/vynz100photo.fr\/blog\/un-samedi-au-zoo\/","url_meta":{"origin":253,"position":5},"title":"Un samedi au zoo&#8230;","author":"Vincent","date":"11 mars 2013","format":false,"excerpt":"Pour pr\u00e9parer une sortie scolaire, nous sommes all\u00e9s au zoo de Pudong, loin \u00e0 l'est de la Concession Fran\u00e7aise (plus d'une heure de trajet)... une sortie typiquement chinoise, d'un int\u00e9r\u00eat toute somme assez limit\u00e9, mais les filles \u00e9taient contentes... et c'est bien l'essentiel, sous le soleil et les 30\u00b0C de\u2026","rel":"","context":"Dans &quot;animaux&quot;","block_context":{"text":"animaux","link":"https:\/\/vynz100photo.fr\/blog\/category\/animaux\/"},"img":{"alt_text":"","src":"https:\/\/i0.wp.com\/vynz100photo.fr\/blog\/wp-content\/uploads\/2013\/03\/20130309-IMG_6049.jpg?resize=350%2C200","width":350,"height":200,"srcset":"https:\/\/i0.wp.com\/vynz100photo.fr\/blog\/wp-content\/uploads\/2013\/03\/20130309-IMG_6049.jpg?resize=350%2C200 1x, https:\/\/i0.wp.com\/vynz100photo.fr\/blog\/wp-content\/uploads\/2013\/03\/20130309-IMG_6049.jpg?resize=525%2C300 1.5x, https:\/\/i0.wp.com\/vynz100photo.fr\/blog\/wp-content\/uploads\/2013\/03\/20130309-IMG_6049.jpg?resize=700%2C400 2x, https:\/\/i0.wp.com\/vynz100photo.fr\/blog\/wp-content\/uploads\/2013\/03\/20130309-IMG_6049.jpg?resize=1050%2C600 3x, https:\/\/i0.wp.com\/vynz100photo.fr\/blog\/wp-content\/uploads\/2013\/03\/20130309-IMG_6049.jpg?resize=1400%2C800 4x"},"classes":[]}],"_links":{"self":[{"href":"https:\/\/vynz100photo.fr\/blog\/wp-json\/wp\/v2\/posts\/253","targetHints":{"allow":["GET"]}}],"collection":[{"href":"https:\/\/vynz100photo.fr\/blog\/wp-json\/wp\/v2\/posts"}],"about":[{"href":"https:\/\/vynz100photo.fr\/blog\/wp-json\/wp\/v2\/types\/post"}],"author":[{"embeddable":true,"href":"https:\/\/vynz100photo.fr\/blog\/wp-json\/wp\/v2\/users\/1"}],"replies":[{"embeddable":true,"href":"https:\/\/vynz100photo.fr\/blog\/wp-json\/wp\/v2\/comments?post=253"}],"version-history":[{"count":0,"href":"https:\/\/vynz100photo.fr\/blog\/wp-json\/wp\/v2\/posts\/253\/revisions"}],"wp:attachment":[{"href":"https:\/\/vynz100photo.fr\/blog\/wp-json\/wp\/v2\/media?parent=253"}],"wp:term":[{"taxonomy":"category","embeddable":true,"href":"https:\/\/vynz100photo.fr\/blog\/wp-json\/wp\/v2\/categories?post=253"},{"taxonomy":"post_tag","embeddable":true,"href":"https:\/\/vynz100photo.fr\/blog\/wp-json\/wp\/v2\/tags?post=253"}],"curies":[{"name":"wp","href":"https:\/\/api.w.org\/{rel}","templated":true}]}}