{"id":1614,"date":"2013-10-21T00:20:55","date_gmt":"2013-10-20T16:20:55","guid":{"rendered":"http:\/\/vynz100photo.fr\/blog\/?p=1614"},"modified":"2013-10-21T00:20:55","modified_gmt":"2013-10-20T16:20:55","slug":"dimanche-journee-de-repos","status":"publish","type":"post","link":"https:\/\/vynz100photo.fr\/blog\/dimanche-journee-de-repos\/","title":{"rendered":"Dimanche, journ\u00e9e de repos?"},"content":{"rendered":"<p>Ce dimanche, on commence par une activit\u00e9 cuisine, \u00e0 base de bananes, de <em>tempuras<\/em>, de cr\u00e8me p\u00e2tissi\u00e8re, d&rsquo;aubergines et autres p\u00e2tes sabl\u00e9es. Pas sp\u00e9cialement dans cet ordre-l\u00e0 d&rsquo;ailleurs!<\/p>\n<p>&nbsp;<\/p>\n<div id=\"attachment_1629\" style=\"width: 693px\" class=\"wp-caption aligncenter\"><a href=\"https:\/\/i0.wp.com\/vynz100photo.fr\/blog\/wp-content\/uploads\/2013\/10\/20131020-_A1B2317.jpg?ssl=1\"><img data-recalc-dims=\"1\" loading=\"lazy\" decoding=\"async\" aria-describedby=\"caption-attachment-1629\" data-attachment-id=\"1629\" data-permalink=\"https:\/\/vynz100photo.fr\/blog\/dimanche-journee-de-repos\/20131020-_a1b2317\/\" data-orig-file=\"https:\/\/i0.wp.com\/vynz100photo.fr\/blog\/wp-content\/uploads\/2013\/10\/20131020-_A1B2317.jpg?fit=683%2C1024&amp;ssl=1\" data-orig-size=\"683,1024\" data-comments-opened=\"1\" data-image-meta=\"{&quot;aperture&quot;:&quot;2&quot;,&quot;credit&quot;:&quot;@ Matthieu ALEXANDRE&quot;,&quot;camera&quot;:&quot;Canon EOS-1D Mark II&quot;,&quot;caption&quot;:&quot;&quot;,&quot;created_timestamp&quot;:&quot;1382268393&quot;,&quot;copyright&quot;:&quot;Vincent Verger&quot;,&quot;focal_length&quot;:&quot;35&quot;,&quot;iso&quot;:&quot;320&quot;,&quot;shutter_speed&quot;:&quot;0.04&quot;,&quot;title&quot;:&quot;&quot;}\" data-image-title=\"20131020-_A1B2317\" data-image-description=\"\" data-image-caption=\"&lt;p&gt;Similitude?&lt;\/p&gt;\n\" data-large-file=\"https:\/\/i0.wp.com\/vynz100photo.fr\/blog\/wp-content\/uploads\/2013\/10\/20131020-_A1B2317.jpg?fit=683%2C1024&amp;ssl=1\" class=\"size-full wp-image-1629\" alt=\"Similitude?\" src=\"https:\/\/i0.wp.com\/vynz100photo.fr\/blog\/wp-content\/uploads\/2013\/10\/20131020-_A1B2317.jpg?resize=683%2C1024&#038;ssl=1\" width=\"683\" height=\"1024\" srcset=\"https:\/\/i0.wp.com\/vynz100photo.fr\/blog\/wp-content\/uploads\/2013\/10\/20131020-_A1B2317.jpg?w=683&amp;ssl=1 683w, https:\/\/i0.wp.com\/vynz100photo.fr\/blog\/wp-content\/uploads\/2013\/10\/20131020-_A1B2317.jpg?resize=200%2C300&amp;ssl=1 200w\" sizes=\"auto, (max-width: 683px) 100vw, 683px\" \/><\/a><p id=\"caption-attachment-1629\" class=\"wp-caption-text\">Similitude?<\/p><\/div>\n<p><a href=\"https:\/\/i0.wp.com\/vynz100photo.fr\/blog\/wp-content\/uploads\/2013\/10\/20131020-_A1B2320.jpg?ssl=1\"><img data-recalc-dims=\"1\" loading=\"lazy\" decoding=\"async\" data-attachment-id=\"1628\" data-permalink=\"https:\/\/vynz100photo.fr\/blog\/dimanche-journee-de-repos\/20131020-_a1b2320\/\" data-orig-file=\"https:\/\/i0.wp.com\/vynz100photo.fr\/blog\/wp-content\/uploads\/2013\/10\/20131020-_A1B2320.jpg?fit=1024%2C683&amp;ssl=1\" data-orig-size=\"1024,683\" data-comments-opened=\"1\" data-image-meta=\"{&quot;aperture&quot;:&quot;2&quot;,&quot;credit&quot;:&quot;@ Matthieu ALEXANDRE&quot;,&quot;camera&quot;:&quot;Canon EOS-1D Mark II&quot;,&quot;caption&quot;:&quot;&quot;,&quot;created_timestamp&quot;:&quot;1382268461&quot;,&quot;copyright&quot;:&quot;Vincent Verger&quot;,&quot;focal_length&quot;:&quot;35&quot;,&quot;iso&quot;:&quot;320&quot;,&quot;shutter_speed&quot;:&quot;0.04&quot;,&quot;title&quot;:&quot;&quot;}\" data-image-title=\"20131020-_A1B2320\" data-image-description=\"\" data-image-caption=\"\" data-large-file=\"https:\/\/i0.wp.com\/vynz100photo.fr\/blog\/wp-content\/uploads\/2013\/10\/20131020-_A1B2320.jpg?fit=800%2C534&amp;ssl=1\" class=\"aligncenter size-full wp-image-1628\" alt=\"20131020-_A1B2320\" src=\"https:\/\/i0.wp.com\/vynz100photo.fr\/blog\/wp-content\/uploads\/2013\/10\/20131020-_A1B2320.jpg?resize=800%2C534&#038;ssl=1\" width=\"800\" height=\"534\" srcset=\"https:\/\/i0.wp.com\/vynz100photo.fr\/blog\/wp-content\/uploads\/2013\/10\/20131020-_A1B2320.jpg?w=1024&amp;ssl=1 1024w, https:\/\/i0.wp.com\/vynz100photo.fr\/blog\/wp-content\/uploads\/2013\/10\/20131020-_A1B2320.jpg?resize=300%2C200&amp;ssl=1 300w\" sizes=\"auto, (max-width: 800px) 100vw, 800px\" \/><\/a> <a href=\"https:\/\/i0.wp.com\/vynz100photo.fr\/blog\/wp-content\/uploads\/2013\/10\/20131020-_A1B2322.jpg?ssl=1\"><img data-recalc-dims=\"1\" loading=\"lazy\" decoding=\"async\" data-attachment-id=\"1627\" data-permalink=\"https:\/\/vynz100photo.fr\/blog\/dimanche-journee-de-repos\/20131020-_a1b2322\/\" data-orig-file=\"https:\/\/i0.wp.com\/vynz100photo.fr\/blog\/wp-content\/uploads\/2013\/10\/20131020-_A1B2322.jpg?fit=1024%2C683&amp;ssl=1\" data-orig-size=\"1024,683\" data-comments-opened=\"1\" data-image-meta=\"{&quot;aperture&quot;:&quot;2&quot;,&quot;credit&quot;:&quot;@ Matthieu ALEXANDRE&quot;,&quot;camera&quot;:&quot;Canon EOS-1D Mark II&quot;,&quot;caption&quot;:&quot;&quot;,&quot;created_timestamp&quot;:&quot;1382276022&quot;,&quot;copyright&quot;:&quot;Vincent Verger&quot;,&quot;focal_length&quot;:&quot;35&quot;,&quot;iso&quot;:&quot;320&quot;,&quot;shutter_speed&quot;:&quot;0.02&quot;,&quot;title&quot;:&quot;&quot;}\" data-image-title=\"20131020-_A1B2322\" data-image-description=\"\" data-image-caption=\"\" data-large-file=\"https:\/\/i0.wp.com\/vynz100photo.fr\/blog\/wp-content\/uploads\/2013\/10\/20131020-_A1B2322.jpg?fit=800%2C534&amp;ssl=1\" class=\"aligncenter size-large wp-image-1627\" alt=\"20131020-_A1B2322\" src=\"https:\/\/i0.wp.com\/vynz100photo.fr\/blog\/wp-content\/uploads\/2013\/10\/20131020-_A1B2322.jpg?resize=800%2C533&#038;ssl=1\" width=\"800\" height=\"533\" srcset=\"https:\/\/i0.wp.com\/vynz100photo.fr\/blog\/wp-content\/uploads\/2013\/10\/20131020-_A1B2322.jpg?w=1024&amp;ssl=1 1024w, https:\/\/i0.wp.com\/vynz100photo.fr\/blog\/wp-content\/uploads\/2013\/10\/20131020-_A1B2322.jpg?resize=300%2C200&amp;ssl=1 300w\" sizes=\"auto, (max-width: 800px) 100vw, 800px\" \/><\/a> <a href=\"https:\/\/i0.wp.com\/vynz100photo.fr\/blog\/wp-content\/uploads\/2013\/10\/20131020-_A1B2324.jpg?ssl=1\"><img data-recalc-dims=\"1\" loading=\"lazy\" decoding=\"async\" data-attachment-id=\"1626\" data-permalink=\"https:\/\/vynz100photo.fr\/blog\/dimanche-journee-de-repos\/20131020-_a1b2324\/\" data-orig-file=\"https:\/\/i0.wp.com\/vynz100photo.fr\/blog\/wp-content\/uploads\/2013\/10\/20131020-_A1B2324.jpg?fit=1024%2C683&amp;ssl=1\" data-orig-size=\"1024,683\" data-comments-opened=\"1\" data-image-meta=\"{&quot;aperture&quot;:&quot;2&quot;,&quot;credit&quot;:&quot;@ Matthieu ALEXANDRE&quot;,&quot;camera&quot;:&quot;Canon EOS-1D Mark II&quot;,&quot;caption&quot;:&quot;&quot;,&quot;created_timestamp&quot;:&quot;1382276032&quot;,&quot;copyright&quot;:&quot;Vincent Verger&quot;,&quot;focal_length&quot;:&quot;35&quot;,&quot;iso&quot;:&quot;320&quot;,&quot;shutter_speed&quot;:&quot;0.025&quot;,&quot;title&quot;:&quot;&quot;}\" data-image-title=\"20131020-_A1B2324\" data-image-description=\"\" data-image-caption=\"\" data-large-file=\"https:\/\/i0.wp.com\/vynz100photo.fr\/blog\/wp-content\/uploads\/2013\/10\/20131020-_A1B2324.jpg?fit=800%2C534&amp;ssl=1\" class=\"aligncenter size-large wp-image-1626\" alt=\"20131020-_A1B2324\" src=\"https:\/\/i0.wp.com\/vynz100photo.fr\/blog\/wp-content\/uploads\/2013\/10\/20131020-_A1B2324.jpg?resize=800%2C533&#038;ssl=1\" width=\"800\" height=\"533\" srcset=\"https:\/\/i0.wp.com\/vynz100photo.fr\/blog\/wp-content\/uploads\/2013\/10\/20131020-_A1B2324.jpg?w=1024&amp;ssl=1 1024w, https:\/\/i0.wp.com\/vynz100photo.fr\/blog\/wp-content\/uploads\/2013\/10\/20131020-_A1B2324.jpg?resize=300%2C200&amp;ssl=1 300w\" sizes=\"auto, (max-width: 800px) 100vw, 800px\" \/><\/a><\/p>\n<p>Certaines attendent le repas avec une impatience non feinte&#8230; elles y feront honneur d&rsquo;ailleurs! Caviar d&rsquo;aubergine, courgettes farcies, on s&rsquo;est bien r\u00e9gal\u00e9s!<\/p>\n<p><a href=\"https:\/\/i0.wp.com\/vynz100photo.fr\/blog\/wp-content\/uploads\/2013\/10\/20131020-_A1B2325.jpg?ssl=1\"><img data-recalc-dims=\"1\" loading=\"lazy\" decoding=\"async\" data-attachment-id=\"1625\" data-permalink=\"https:\/\/vynz100photo.fr\/blog\/dimanche-journee-de-repos\/20131020-_a1b2325\/\" data-orig-file=\"https:\/\/i0.wp.com\/vynz100photo.fr\/blog\/wp-content\/uploads\/2013\/10\/20131020-_A1B2325.jpg?fit=683%2C1024&amp;ssl=1\" data-orig-size=\"683,1024\" data-comments-opened=\"1\" data-image-meta=\"{&quot;aperture&quot;:&quot;2&quot;,&quot;credit&quot;:&quot;@ Matthieu ALEXANDRE&quot;,&quot;camera&quot;:&quot;Canon EOS-1D Mark II&quot;,&quot;caption&quot;:&quot;&quot;,&quot;created_timestamp&quot;:&quot;1382276037&quot;,&quot;copyright&quot;:&quot;Vincent Verger&quot;,&quot;focal_length&quot;:&quot;35&quot;,&quot;iso&quot;:&quot;320&quot;,&quot;shutter_speed&quot;:&quot;0.025&quot;,&quot;title&quot;:&quot;&quot;}\" data-image-title=\"20131020-_A1B2325\" data-image-description=\"\" data-image-caption=\"\" data-large-file=\"https:\/\/i0.wp.com\/vynz100photo.fr\/blog\/wp-content\/uploads\/2013\/10\/20131020-_A1B2325.jpg?fit=683%2C1024&amp;ssl=1\" class=\"aligncenter size-large wp-image-1625\" alt=\"20131020-_A1B2325\" src=\"https:\/\/i0.wp.com\/vynz100photo.fr\/blog\/wp-content\/uploads\/2013\/10\/20131020-_A1B2325.jpg?resize=683%2C1024&#038;ssl=1\" width=\"683\" height=\"1024\" srcset=\"https:\/\/i0.wp.com\/vynz100photo.fr\/blog\/wp-content\/uploads\/2013\/10\/20131020-_A1B2325.jpg?w=683&amp;ssl=1 683w, https:\/\/i0.wp.com\/vynz100photo.fr\/blog\/wp-content\/uploads\/2013\/10\/20131020-_A1B2325.jpg?resize=200%2C300&amp;ssl=1 200w\" sizes=\"auto, (max-width: 683px) 100vw, 683px\" \/><\/a> <a href=\"https:\/\/i0.wp.com\/vynz100photo.fr\/blog\/wp-content\/uploads\/2013\/10\/20131020-_A1B2327.jpg?ssl=1\"><img data-recalc-dims=\"1\" loading=\"lazy\" decoding=\"async\" data-attachment-id=\"1624\" data-permalink=\"https:\/\/vynz100photo.fr\/blog\/dimanche-journee-de-repos\/20131020-_a1b2327\/\" data-orig-file=\"https:\/\/i0.wp.com\/vynz100photo.fr\/blog\/wp-content\/uploads\/2013\/10\/20131020-_A1B2327.jpg?fit=1024%2C683&amp;ssl=1\" data-orig-size=\"1024,683\" data-comments-opened=\"1\" data-image-meta=\"{&quot;aperture&quot;:&quot;2&quot;,&quot;credit&quot;:&quot;@ Matthieu ALEXANDRE&quot;,&quot;camera&quot;:&quot;Canon EOS-1D Mark II&quot;,&quot;caption&quot;:&quot;&quot;,&quot;created_timestamp&quot;:&quot;1382276100&quot;,&quot;copyright&quot;:&quot;Vincent Verger&quot;,&quot;focal_length&quot;:&quot;35&quot;,&quot;iso&quot;:&quot;320&quot;,&quot;shutter_speed&quot;:&quot;0.01&quot;,&quot;title&quot;:&quot;&quot;}\" data-image-title=\"20131020-_A1B2327\" data-image-description=\"\" data-image-caption=\"\" data-large-file=\"https:\/\/i0.wp.com\/vynz100photo.fr\/blog\/wp-content\/uploads\/2013\/10\/20131020-_A1B2327.jpg?fit=800%2C534&amp;ssl=1\" class=\"aligncenter size-large wp-image-1624\" alt=\"20131020-_A1B2327\" src=\"https:\/\/i0.wp.com\/vynz100photo.fr\/blog\/wp-content\/uploads\/2013\/10\/20131020-_A1B2327.jpg?resize=800%2C533&#038;ssl=1\" width=\"800\" height=\"533\" srcset=\"https:\/\/i0.wp.com\/vynz100photo.fr\/blog\/wp-content\/uploads\/2013\/10\/20131020-_A1B2327.jpg?w=1024&amp;ssl=1 1024w, https:\/\/i0.wp.com\/vynz100photo.fr\/blog\/wp-content\/uploads\/2013\/10\/20131020-_A1B2327.jpg?resize=300%2C200&amp;ssl=1 300w\" sizes=\"auto, (max-width: 800px) 100vw, 800px\" \/><\/a> <a href=\"https:\/\/i0.wp.com\/vynz100photo.fr\/blog\/wp-content\/uploads\/2013\/10\/20131020-_A1B2328.jpg?ssl=1\"><img data-recalc-dims=\"1\" loading=\"lazy\" decoding=\"async\" data-attachment-id=\"1623\" data-permalink=\"https:\/\/vynz100photo.fr\/blog\/dimanche-journee-de-repos\/20131020-_a1b2328\/\" data-orig-file=\"https:\/\/i0.wp.com\/vynz100photo.fr\/blog\/wp-content\/uploads\/2013\/10\/20131020-_A1B2328.jpg?fit=1024%2C683&amp;ssl=1\" data-orig-size=\"1024,683\" data-comments-opened=\"1\" data-image-meta=\"{&quot;aperture&quot;:&quot;2&quot;,&quot;credit&quot;:&quot;@ Matthieu ALEXANDRE&quot;,&quot;camera&quot;:&quot;Canon EOS-1D Mark II&quot;,&quot;caption&quot;:&quot;&quot;,&quot;created_timestamp&quot;:&quot;1382276345&quot;,&quot;copyright&quot;:&quot;Vincent Verger&quot;,&quot;focal_length&quot;:&quot;35&quot;,&quot;iso&quot;:&quot;320&quot;,&quot;shutter_speed&quot;:&quot;0.0125&quot;,&quot;title&quot;:&quot;&quot;}\" data-image-title=\"20131020-_A1B2328\" data-image-description=\"\" data-image-caption=\"\" data-large-file=\"https:\/\/i0.wp.com\/vynz100photo.fr\/blog\/wp-content\/uploads\/2013\/10\/20131020-_A1B2328.jpg?fit=800%2C534&amp;ssl=1\" class=\"aligncenter size-large wp-image-1623\" alt=\"20131020-_A1B2328\" src=\"https:\/\/i0.wp.com\/vynz100photo.fr\/blog\/wp-content\/uploads\/2013\/10\/20131020-_A1B2328.jpg?resize=800%2C533&#038;ssl=1\" width=\"800\" height=\"533\" srcset=\"https:\/\/i0.wp.com\/vynz100photo.fr\/blog\/wp-content\/uploads\/2013\/10\/20131020-_A1B2328.jpg?w=1024&amp;ssl=1 1024w, https:\/\/i0.wp.com\/vynz100photo.fr\/blog\/wp-content\/uploads\/2013\/10\/20131020-_A1B2328.jpg?resize=300%2C200&amp;ssl=1 300w\" sizes=\"auto, (max-width: 800px) 100vw, 800px\" \/><\/a> <a href=\"https:\/\/i0.wp.com\/vynz100photo.fr\/blog\/wp-content\/uploads\/2013\/10\/20131020-_A1B2330.jpg?ssl=1\"><img data-recalc-dims=\"1\" loading=\"lazy\" decoding=\"async\" data-attachment-id=\"1622\" data-permalink=\"https:\/\/vynz100photo.fr\/blog\/dimanche-journee-de-repos\/20131020-_a1b2330\/\" data-orig-file=\"https:\/\/i0.wp.com\/vynz100photo.fr\/blog\/wp-content\/uploads\/2013\/10\/20131020-_A1B2330.jpg?fit=683%2C1024&amp;ssl=1\" data-orig-size=\"683,1024\" data-comments-opened=\"1\" data-image-meta=\"{&quot;aperture&quot;:&quot;2&quot;,&quot;credit&quot;:&quot;@ Matthieu ALEXANDRE&quot;,&quot;camera&quot;:&quot;Canon EOS-1D Mark II&quot;,&quot;caption&quot;:&quot;&quot;,&quot;created_timestamp&quot;:&quot;1382278045&quot;,&quot;copyright&quot;:&quot;Vincent Verger&quot;,&quot;focal_length&quot;:&quot;35&quot;,&quot;iso&quot;:&quot;320&quot;,&quot;shutter_speed&quot;:&quot;0.016666666666667&quot;,&quot;title&quot;:&quot;&quot;}\" data-image-title=\"20131020-_A1B2330\" data-image-description=\"\" data-image-caption=\"\" data-large-file=\"https:\/\/i0.wp.com\/vynz100photo.fr\/blog\/wp-content\/uploads\/2013\/10\/20131020-_A1B2330.jpg?fit=683%2C1024&amp;ssl=1\" class=\"aligncenter size-large wp-image-1622\" alt=\"20131020-_A1B2330\" src=\"https:\/\/i0.wp.com\/vynz100photo.fr\/blog\/wp-content\/uploads\/2013\/10\/20131020-_A1B2330.jpg?resize=683%2C1024&#038;ssl=1\" width=\"683\" height=\"1024\" srcset=\"https:\/\/i0.wp.com\/vynz100photo.fr\/blog\/wp-content\/uploads\/2013\/10\/20131020-_A1B2330.jpg?w=683&amp;ssl=1 683w, https:\/\/i0.wp.com\/vynz100photo.fr\/blog\/wp-content\/uploads\/2013\/10\/20131020-_A1B2330.jpg?resize=200%2C300&amp;ssl=1 200w\" sizes=\"auto, (max-width: 683px) 100vw, 683px\" \/><\/a> <a href=\"https:\/\/i0.wp.com\/vynz100photo.fr\/blog\/wp-content\/uploads\/2013\/10\/20131020-_A1B2334.jpg?ssl=1\"><img data-recalc-dims=\"1\" loading=\"lazy\" decoding=\"async\" data-attachment-id=\"1621\" data-permalink=\"https:\/\/vynz100photo.fr\/blog\/dimanche-journee-de-repos\/20131020-_a1b2334\/\" data-orig-file=\"https:\/\/i0.wp.com\/vynz100photo.fr\/blog\/wp-content\/uploads\/2013\/10\/20131020-_A1B2334.jpg?fit=683%2C1024&amp;ssl=1\" data-orig-size=\"683,1024\" data-comments-opened=\"1\" data-image-meta=\"{&quot;aperture&quot;:&quot;2&quot;,&quot;credit&quot;:&quot;@ Matthieu ALEXANDRE&quot;,&quot;camera&quot;:&quot;Canon EOS-1D Mark II&quot;,&quot;caption&quot;:&quot;&quot;,&quot;created_timestamp&quot;:&quot;1382278127&quot;,&quot;copyright&quot;:&quot;Vincent Verger&quot;,&quot;focal_length&quot;:&quot;35&quot;,&quot;iso&quot;:&quot;320&quot;,&quot;shutter_speed&quot;:&quot;0.005&quot;,&quot;title&quot;:&quot;&quot;}\" data-image-title=\"20131020-_A1B2334\" data-image-description=\"\" data-image-caption=\"\" data-large-file=\"https:\/\/i0.wp.com\/vynz100photo.fr\/blog\/wp-content\/uploads\/2013\/10\/20131020-_A1B2334.jpg?fit=683%2C1024&amp;ssl=1\" class=\"aligncenter size-large wp-image-1621\" alt=\"20131020-_A1B2334\" src=\"https:\/\/i0.wp.com\/vynz100photo.fr\/blog\/wp-content\/uploads\/2013\/10\/20131020-_A1B2334.jpg?resize=683%2C1024&#038;ssl=1\" width=\"683\" height=\"1024\" srcset=\"https:\/\/i0.wp.com\/vynz100photo.fr\/blog\/wp-content\/uploads\/2013\/10\/20131020-_A1B2334.jpg?w=683&amp;ssl=1 683w, https:\/\/i0.wp.com\/vynz100photo.fr\/blog\/wp-content\/uploads\/2013\/10\/20131020-_A1B2334.jpg?resize=200%2C300&amp;ssl=1 200w\" sizes=\"auto, (max-width: 683px) 100vw, 683px\" \/><\/a> <a href=\"https:\/\/i0.wp.com\/vynz100photo.fr\/blog\/wp-content\/uploads\/2013\/10\/20131020-_A1B2335.jpg?ssl=1\"><img data-recalc-dims=\"1\" loading=\"lazy\" decoding=\"async\" data-attachment-id=\"1620\" data-permalink=\"https:\/\/vynz100photo.fr\/blog\/dimanche-journee-de-repos\/20131020-_a1b2335\/\" data-orig-file=\"https:\/\/i0.wp.com\/vynz100photo.fr\/blog\/wp-content\/uploads\/2013\/10\/20131020-_A1B2335.jpg?fit=683%2C1024&amp;ssl=1\" data-orig-size=\"683,1024\" data-comments-opened=\"1\" data-image-meta=\"{&quot;aperture&quot;:&quot;5.6&quot;,&quot;credit&quot;:&quot;@ Matthieu ALEXANDRE&quot;,&quot;camera&quot;:&quot;Canon EOS-1D Mark II&quot;,&quot;caption&quot;:&quot;&quot;,&quot;created_timestamp&quot;:&quot;1382278138&quot;,&quot;copyright&quot;:&quot;Vincent Verger&quot;,&quot;focal_length&quot;:&quot;35&quot;,&quot;iso&quot;:&quot;320&quot;,&quot;shutter_speed&quot;:&quot;0.05&quot;,&quot;title&quot;:&quot;&quot;}\" data-image-title=\"20131020-_A1B2335\" data-image-description=\"\" data-image-caption=\"\" data-large-file=\"https:\/\/i0.wp.com\/vynz100photo.fr\/blog\/wp-content\/uploads\/2013\/10\/20131020-_A1B2335.jpg?fit=683%2C1024&amp;ssl=1\" class=\"aligncenter size-large wp-image-1620\" alt=\"20131020-_A1B2335\" src=\"https:\/\/i0.wp.com\/vynz100photo.fr\/blog\/wp-content\/uploads\/2013\/10\/20131020-_A1B2335.jpg?resize=683%2C1024&#038;ssl=1\" width=\"683\" height=\"1024\" srcset=\"https:\/\/i0.wp.com\/vynz100photo.fr\/blog\/wp-content\/uploads\/2013\/10\/20131020-_A1B2335.jpg?w=683&amp;ssl=1 683w, https:\/\/i0.wp.com\/vynz100photo.fr\/blog\/wp-content\/uploads\/2013\/10\/20131020-_A1B2335.jpg?resize=200%2C300&amp;ssl=1 200w\" sizes=\"auto, (max-width: 683px) 100vw, 683px\" \/><\/a> <a href=\"https:\/\/i0.wp.com\/vynz100photo.fr\/blog\/wp-content\/uploads\/2013\/10\/20131020-_A1B2336.jpg?ssl=1\"><img data-recalc-dims=\"1\" loading=\"lazy\" decoding=\"async\" data-attachment-id=\"1619\" data-permalink=\"https:\/\/vynz100photo.fr\/blog\/dimanche-journee-de-repos\/20131020-_a1b2336\/\" data-orig-file=\"https:\/\/i0.wp.com\/vynz100photo.fr\/blog\/wp-content\/uploads\/2013\/10\/20131020-_A1B2336.jpg?fit=1024%2C1024&amp;ssl=1\" data-orig-size=\"1024,1024\" data-comments-opened=\"1\" data-image-meta=\"{&quot;aperture&quot;:&quot;5.6&quot;,&quot;credit&quot;:&quot;@ Matthieu ALEXANDRE&quot;,&quot;camera&quot;:&quot;Canon EOS-1D Mark II&quot;,&quot;caption&quot;:&quot;&quot;,&quot;created_timestamp&quot;:&quot;1382278146&quot;,&quot;copyright&quot;:&quot;Vincent Verger&quot;,&quot;focal_length&quot;:&quot;35&quot;,&quot;iso&quot;:&quot;320&quot;,&quot;shutter_speed&quot;:&quot;0.076923076923077&quot;,&quot;title&quot;:&quot;&quot;}\" data-image-title=\"20131020-_A1B2336\" data-image-description=\"\" data-image-caption=\"\" data-large-file=\"https:\/\/i0.wp.com\/vynz100photo.fr\/blog\/wp-content\/uploads\/2013\/10\/20131020-_A1B2336.jpg?fit=800%2C800&amp;ssl=1\" class=\"aligncenter size-large wp-image-1619\" alt=\"20131020-_A1B2336\" src=\"https:\/\/i0.wp.com\/vynz100photo.fr\/blog\/wp-content\/uploads\/2013\/10\/20131020-_A1B2336.jpg?resize=800%2C800&#038;ssl=1\" width=\"800\" height=\"800\" srcset=\"https:\/\/i0.wp.com\/vynz100photo.fr\/blog\/wp-content\/uploads\/2013\/10\/20131020-_A1B2336.jpg?w=1024&amp;ssl=1 1024w, https:\/\/i0.wp.com\/vynz100photo.fr\/blog\/wp-content\/uploads\/2013\/10\/20131020-_A1B2336.jpg?resize=150%2C150&amp;ssl=1 150w, https:\/\/i0.wp.com\/vynz100photo.fr\/blog\/wp-content\/uploads\/2013\/10\/20131020-_A1B2336.jpg?resize=300%2C300&amp;ssl=1 300w\" sizes=\"auto, (max-width: 800px) 100vw, 800px\" \/><\/a> <a href=\"https:\/\/i0.wp.com\/vynz100photo.fr\/blog\/wp-content\/uploads\/2013\/10\/20131020-_A1B2339.jpg?ssl=1\"><img data-recalc-dims=\"1\" loading=\"lazy\" decoding=\"async\" data-attachment-id=\"1618\" data-permalink=\"https:\/\/vynz100photo.fr\/blog\/dimanche-journee-de-repos\/20131020-_a1b2339\/\" data-orig-file=\"https:\/\/i0.wp.com\/vynz100photo.fr\/blog\/wp-content\/uploads\/2013\/10\/20131020-_A1B2339.jpg?fit=1024%2C683&amp;ssl=1\" data-orig-size=\"1024,683\" data-comments-opened=\"1\" data-image-meta=\"{&quot;aperture&quot;:&quot;5.6&quot;,&quot;credit&quot;:&quot;@ Matthieu ALEXANDRE&quot;,&quot;camera&quot;:&quot;Canon EOS-1D Mark II&quot;,&quot;caption&quot;:&quot;&quot;,&quot;created_timestamp&quot;:&quot;1382278181&quot;,&quot;copyright&quot;:&quot;Vincent Verger&quot;,&quot;focal_length&quot;:&quot;35&quot;,&quot;iso&quot;:&quot;320&quot;,&quot;shutter_speed&quot;:&quot;0.066666666666667&quot;,&quot;title&quot;:&quot;&quot;}\" data-image-title=\"20131020-_A1B2339\" data-image-description=\"\" data-image-caption=\"\" data-large-file=\"https:\/\/i0.wp.com\/vynz100photo.fr\/blog\/wp-content\/uploads\/2013\/10\/20131020-_A1B2339.jpg?fit=800%2C534&amp;ssl=1\" class=\"aligncenter size-large wp-image-1618\" alt=\"20131020-_A1B2339\" src=\"https:\/\/i0.wp.com\/vynz100photo.fr\/blog\/wp-content\/uploads\/2013\/10\/20131020-_A1B2339.jpg?resize=800%2C533&#038;ssl=1\" width=\"800\" height=\"533\" srcset=\"https:\/\/i0.wp.com\/vynz100photo.fr\/blog\/wp-content\/uploads\/2013\/10\/20131020-_A1B2339.jpg?w=1024&amp;ssl=1 1024w, https:\/\/i0.wp.com\/vynz100photo.fr\/blog\/wp-content\/uploads\/2013\/10\/20131020-_A1B2339.jpg?resize=300%2C200&amp;ssl=1 300w\" sizes=\"auto, (max-width: 800px) 100vw, 800px\" \/><\/a> On mange, on mange, mais il faut bien \u00e9liminer tout \u00e7a! En route pour la traditionnelle promenade dans les rues de la Concession Fran\u00e7aise, \u00e9tape digestive et \u00ab\u00a0sportive\u00a0\u00bb du dimanche.<\/p>\n<p><a href=\"https:\/\/i0.wp.com\/vynz100photo.fr\/blog\/wp-content\/uploads\/2013\/10\/20131020-_A1B2342.jpg?ssl=1\"><img data-recalc-dims=\"1\" loading=\"lazy\" decoding=\"async\" data-attachment-id=\"1617\" data-permalink=\"https:\/\/vynz100photo.fr\/blog\/dimanche-journee-de-repos\/20131020-_a1b2342\/\" data-orig-file=\"https:\/\/i0.wp.com\/vynz100photo.fr\/blog\/wp-content\/uploads\/2013\/10\/20131020-_A1B2342.jpg?fit=1024%2C683&amp;ssl=1\" data-orig-size=\"1024,683\" data-comments-opened=\"1\" data-image-meta=\"{&quot;aperture&quot;:&quot;5.6&quot;,&quot;credit&quot;:&quot;@ Matthieu ALEXANDRE&quot;,&quot;camera&quot;:&quot;Canon EOS-1D Mark II&quot;,&quot;caption&quot;:&quot;&quot;,&quot;created_timestamp&quot;:&quot;1382286264&quot;,&quot;copyright&quot;:&quot;Vincent Verger&quot;,&quot;focal_length&quot;:&quot;35&quot;,&quot;iso&quot;:&quot;320&quot;,&quot;shutter_speed&quot;:&quot;0.033333333333333&quot;,&quot;title&quot;:&quot;&quot;}\" data-image-title=\"20131020-_A1B2342\" data-image-description=\"\" data-image-caption=\"\" data-large-file=\"https:\/\/i0.wp.com\/vynz100photo.fr\/blog\/wp-content\/uploads\/2013\/10\/20131020-_A1B2342.jpg?fit=800%2C534&amp;ssl=1\" class=\"aligncenter size-large wp-image-1617\" alt=\"20131020-_A1B2342\" src=\"https:\/\/i0.wp.com\/vynz100photo.fr\/blog\/wp-content\/uploads\/2013\/10\/20131020-_A1B2342.jpg?resize=800%2C533&#038;ssl=1\" width=\"800\" height=\"533\" srcset=\"https:\/\/i0.wp.com\/vynz100photo.fr\/blog\/wp-content\/uploads\/2013\/10\/20131020-_A1B2342.jpg?w=1024&amp;ssl=1 1024w, https:\/\/i0.wp.com\/vynz100photo.fr\/blog\/wp-content\/uploads\/2013\/10\/20131020-_A1B2342.jpg?resize=300%2C200&amp;ssl=1 300w\" sizes=\"auto, (max-width: 800px) 100vw, 800px\" \/><\/a> <a href=\"https:\/\/i0.wp.com\/vynz100photo.fr\/blog\/wp-content\/uploads\/2013\/10\/20131020-_A1B2345.jpg?ssl=1\"><img data-recalc-dims=\"1\" loading=\"lazy\" decoding=\"async\" data-attachment-id=\"1616\" data-permalink=\"https:\/\/vynz100photo.fr\/blog\/dimanche-journee-de-repos\/20131020-_a1b2345\/\" data-orig-file=\"https:\/\/i0.wp.com\/vynz100photo.fr\/blog\/wp-content\/uploads\/2013\/10\/20131020-_A1B2345.jpg?fit=683%2C1024&amp;ssl=1\" data-orig-size=\"683,1024\" data-comments-opened=\"1\" data-image-meta=\"{&quot;aperture&quot;:&quot;2&quot;,&quot;credit&quot;:&quot;@ Matthieu ALEXANDRE&quot;,&quot;camera&quot;:&quot;Canon EOS-1D Mark II&quot;,&quot;caption&quot;:&quot;&quot;,&quot;created_timestamp&quot;:&quot;1382286641&quot;,&quot;copyright&quot;:&quot;Vincent Verger&quot;,&quot;focal_length&quot;:&quot;35&quot;,&quot;iso&quot;:&quot;320&quot;,&quot;shutter_speed&quot;:&quot;0.00625&quot;,&quot;title&quot;:&quot;&quot;}\" data-image-title=\"20131020-_A1B2345\" data-image-description=\"\" data-image-caption=\"\" data-large-file=\"https:\/\/i0.wp.com\/vynz100photo.fr\/blog\/wp-content\/uploads\/2013\/10\/20131020-_A1B2345.jpg?fit=683%2C1024&amp;ssl=1\" class=\"aligncenter size-large wp-image-1616\" alt=\"20131020-_A1B2345\" src=\"https:\/\/i0.wp.com\/vynz100photo.fr\/blog\/wp-content\/uploads\/2013\/10\/20131020-_A1B2345.jpg?resize=683%2C1024&#038;ssl=1\" width=\"683\" height=\"1024\" srcset=\"https:\/\/i0.wp.com\/vynz100photo.fr\/blog\/wp-content\/uploads\/2013\/10\/20131020-_A1B2345.jpg?w=683&amp;ssl=1 683w, https:\/\/i0.wp.com\/vynz100photo.fr\/blog\/wp-content\/uploads\/2013\/10\/20131020-_A1B2345.jpg?resize=200%2C300&amp;ssl=1 200w\" sizes=\"auto, (max-width: 683px) 100vw, 683px\" \/><\/a> <a href=\"https:\/\/i0.wp.com\/vynz100photo.fr\/blog\/wp-content\/uploads\/2013\/10\/20131020-_A1B2347.jpg?ssl=1\"><img data-recalc-dims=\"1\" loading=\"lazy\" decoding=\"async\" data-attachment-id=\"1615\" data-permalink=\"https:\/\/vynz100photo.fr\/blog\/dimanche-journee-de-repos\/20131020-_a1b2347\/\" data-orig-file=\"https:\/\/i0.wp.com\/vynz100photo.fr\/blog\/wp-content\/uploads\/2013\/10\/20131020-_A1B2347.jpg?fit=683%2C1024&amp;ssl=1\" data-orig-size=\"683,1024\" data-comments-opened=\"1\" data-image-meta=\"{&quot;aperture&quot;:&quot;2&quot;,&quot;credit&quot;:&quot;@ Matthieu ALEXANDRE&quot;,&quot;camera&quot;:&quot;Canon EOS-1D Mark II&quot;,&quot;caption&quot;:&quot;&quot;,&quot;created_timestamp&quot;:&quot;1382288238&quot;,&quot;copyright&quot;:&quot;Vincent Verger&quot;,&quot;focal_length&quot;:&quot;35&quot;,&quot;iso&quot;:&quot;320&quot;,&quot;shutter_speed&quot;:&quot;0.01&quot;,&quot;title&quot;:&quot;&quot;}\" data-image-title=\"20131020-_A1B2347\" data-image-description=\"\" data-image-caption=\"\" data-large-file=\"https:\/\/i0.wp.com\/vynz100photo.fr\/blog\/wp-content\/uploads\/2013\/10\/20131020-_A1B2347.jpg?fit=683%2C1024&amp;ssl=1\" class=\"aligncenter size-full wp-image-1615\" alt=\"20131020-_A1B2347\" src=\"https:\/\/i0.wp.com\/vynz100photo.fr\/blog\/wp-content\/uploads\/2013\/10\/20131020-_A1B2347.jpg?resize=683%2C1024&#038;ssl=1\" width=\"683\" height=\"1024\" srcset=\"https:\/\/i0.wp.com\/vynz100photo.fr\/blog\/wp-content\/uploads\/2013\/10\/20131020-_A1B2347.jpg?w=683&amp;ssl=1 683w, https:\/\/i0.wp.com\/vynz100photo.fr\/blog\/wp-content\/uploads\/2013\/10\/20131020-_A1B2347.jpg?resize=200%2C300&amp;ssl=1 200w\" sizes=\"auto, (max-width: 683px) 100vw, 683px\" \/><\/a><\/p>\n","protected":false},"excerpt":{"rendered":"<p>Ce dimanche, on commence par une activit\u00e9 cuisine, \u00e0 base de bananes, de tempuras, de cr\u00e8me p\u00e2tissi\u00e8re, d&rsquo;aubergines et autres p\u00e2tes sabl\u00e9es. Pas sp\u00e9cialement dans cet ordre-l\u00e0 d&rsquo;ailleurs! &nbsp; Certaines attendent le repas avec une impatience non feinte&#8230; elles y feront honneur d&rsquo;ailleurs! Caviar d&rsquo;aubergine, courgettes farcies, on s&rsquo;est bien r\u00e9gal\u00e9s! On mange, on mange, [&hellip;]<\/p>\n","protected":false},"author":1,"featured_media":0,"comment_status":"open","ping_status":"open","sticky":false,"template":"","format":"standard","meta":{"_mo_disable_npp":"","jetpack_post_was_ever_published":false,"_jetpack_newsletter_access":"","_jetpack_dont_email_post_to_subs":false,"_jetpack_newsletter_tier_id":0,"_jetpack_memberships_contains_paywalled_content":false,"_jetpack_memberships_contains_paid_content":false,"footnotes":"","jetpack_publicize_message":"","jetpack_publicize_feature_enabled":true,"jetpack_social_post_already_shared":true,"jetpack_social_options":{"image_generator_settings":{"template":"highway","default_image_id":0,"font":"","enabled":false},"version":2}},"categories":[15,3],"tags":[7,4,9,5],"class_list":["post-1614","post","type-post","status-publish","format-standard","hentry","category-famille-2","category-vie-quotidienne","tag-chine","tag-cuisine","tag-famille","tag-shanghai"],"jetpack_publicize_connections":[],"jetpack_featured_media_url":"","jetpack_sharing_enabled":true,"jetpack_shortlink":"https:\/\/wp.me\/p3QNY7-q2","jetpack_likes_enabled":true,"jetpack-related-posts":[{"id":2105,"url":"https:\/\/vynz100photo.fr\/blog\/le-dimanche-cest-brunch-a-la-maison\/","url_meta":{"origin":1614,"position":0},"title":"Le dimanche, c&rsquo;est brunch \u00e0 la maison&#8230;","author":"Vincent","date":"17 janvier 2014","format":false,"excerpt":"Dimanche 12 janvier Parfois, il arrive que l'on se l\u00e8ve tard, comme 9h30 dimanche dernier... d\u00e9calage horaire? Grosse fatigue? Envie de profiter de ces derni\u00e8res chances de se r\u00e9veiller apr\u00e8s l'aube? Toujours est-il que la tentation a \u00e9t\u00e9 grande de faire un petit-d\u00e9jeuner \"brunch\", qui remplace aussi le repas du\u2026","rel":"","context":"Dans &quot;Cuisine&quot;","block_context":{"text":"Cuisine","link":"https:\/\/vynz100photo.fr\/blog\/category\/cuisine-2\/"},"img":{"alt_text":"20140112-IMG_6175","src":"https:\/\/i0.wp.com\/vynz100photo.fr\/blog\/wp-content\/uploads\/2014\/01\/20140112-IMG_6175.jpg?resize=350%2C200","width":350,"height":200,"srcset":"https:\/\/i0.wp.com\/vynz100photo.fr\/blog\/wp-content\/uploads\/2014\/01\/20140112-IMG_6175.jpg?resize=350%2C200 1x, https:\/\/i0.wp.com\/vynz100photo.fr\/blog\/wp-content\/uploads\/2014\/01\/20140112-IMG_6175.jpg?resize=525%2C300 1.5x, https:\/\/i0.wp.com\/vynz100photo.fr\/blog\/wp-content\/uploads\/2014\/01\/20140112-IMG_6175.jpg?resize=700%2C400 2x"},"classes":[]},{"id":2863,"url":"https:\/\/vynz100photo.fr\/blog\/en-attendant-le-voyage\/","url_meta":{"origin":1614,"position":1},"title":"En attendant le voyage&#8230;","author":"Vincent","date":"12 mai 2014","format":false,"excerpt":"Dimanche 4\u00a0mai Une journ\u00e9e tranquille \u00e0 la maison, o\u00f9 l'on se repose et l'on cuisine... on en profite pour se faire un repas \"dessert\" \u00e0 base de tarte \u00e0 la fraise maison, de carrot cake de chez Baker & Spice (qui a souffert pendant la balade dans une collision avec\u2026","rel":"","context":"Dans &quot;Vie quotidienne&quot;","block_context":{"text":"Vie quotidienne","link":"https:\/\/vynz100photo.fr\/blog\/category\/vie-quotidienne\/"},"img":{"alt_text":"","src":"https:\/\/i0.wp.com\/vynz100photo.fr\/blog\/wp-content\/uploads\/2014\/05\/20140505-IMG_9339.jpg?fit=1024%2C683&ssl=1&resize=350%2C200","width":350,"height":200,"srcset":"https:\/\/i0.wp.com\/vynz100photo.fr\/blog\/wp-content\/uploads\/2014\/05\/20140505-IMG_9339.jpg?fit=1024%2C683&ssl=1&resize=350%2C200 1x, https:\/\/i0.wp.com\/vynz100photo.fr\/blog\/wp-content\/uploads\/2014\/05\/20140505-IMG_9339.jpg?fit=1024%2C683&ssl=1&resize=525%2C300 1.5x, https:\/\/i0.wp.com\/vynz100photo.fr\/blog\/wp-content\/uploads\/2014\/05\/20140505-IMG_9339.jpg?fit=1024%2C683&ssl=1&resize=700%2C400 2x"},"classes":[]},{"id":3447,"url":"https:\/\/vynz100photo.fr\/blog\/derniers-jours-en-chine-pour-les-lyonnais\/","url_meta":{"origin":1614,"position":2},"title":"Derniers jours en Chine pour les Lyonnais&#8230;","author":"Vincent","date":"16 juillet 2014","format":false,"excerpt":"Samedi 5 juillet Pas grand-chose \u00e0 faire aujourd'hui... petite matin\u00e9e tranquille suivie d'une petite soupe de p\u00e2tes chez Noodle Bull, notre premier restaurant\u00a0\u00e0 notre arriv\u00e9e \u00e0 Shanghai. C'\u00e9tait tr\u00e8s bon, comme toujours, mais pour dig\u00e9rer tout \u00e7a il faut marcher. On rencontre des mobylettes \u00e9lectriques munies de robinets... On passe\u2026","rel":"","context":"Dans &quot;Famille&quot;","block_context":{"text":"Famille","link":"https:\/\/vynz100photo.fr\/blog\/category\/famille-2\/"},"img":{"alt_text":"","src":"https:\/\/i0.wp.com\/vynz100photo.fr\/blog\/wp-content\/uploads\/2014\/07\/20140706-DSC02895-Modifier-2.jpg?fit=1024%2C683&ssl=1&resize=350%2C200","width":350,"height":200,"srcset":"https:\/\/i0.wp.com\/vynz100photo.fr\/blog\/wp-content\/uploads\/2014\/07\/20140706-DSC02895-Modifier-2.jpg?fit=1024%2C683&ssl=1&resize=350%2C200 1x, https:\/\/i0.wp.com\/vynz100photo.fr\/blog\/wp-content\/uploads\/2014\/07\/20140706-DSC02895-Modifier-2.jpg?fit=1024%2C683&ssl=1&resize=525%2C300 1.5x, https:\/\/i0.wp.com\/vynz100photo.fr\/blog\/wp-content\/uploads\/2014\/07\/20140706-DSC02895-Modifier-2.jpg?fit=1024%2C683&ssl=1&resize=700%2C400 2x"},"classes":[]},{"id":378,"url":"https:\/\/vynz100photo.fr\/blog\/378\/","url_meta":{"origin":1614,"position":3},"title":"Le printemps revient&#8230;","author":"Vincent","date":"7 mars 2013","format":false,"excerpt":"Une journ\u00e9e bien remplie, \u00e7a commence par une lettre d'amoureux en direct depuis la France... \u00a0 \u00a0 \u00a0 \u00a0 Ensuite, un peu de cuisine en famille... \u00a0 \u00a0 On attend patiemment en \u00e9crivant, pendant que \u00e7a cuit... \u00a0 \u00a0 Et \u00e7a y est, on se r\u00e9gale! Bon app\u00e9tit! \u00a0","rel":"","context":"Dans &quot;Famille&quot;","block_context":{"text":"Famille","link":"https:\/\/vynz100photo.fr\/blog\/category\/famille-2\/"},"img":{"alt_text":"La Lettre","src":"https:\/\/i0.wp.com\/vynz100photo.fr\/blog\/wp-content\/uploads\/2013\/03\/20130307-IMG_6026.jpg?resize=350%2C200","width":350,"height":200,"srcset":"https:\/\/i0.wp.com\/vynz100photo.fr\/blog\/wp-content\/uploads\/2013\/03\/20130307-IMG_6026.jpg?resize=350%2C200 1x, https:\/\/i0.wp.com\/vynz100photo.fr\/blog\/wp-content\/uploads\/2013\/03\/20130307-IMG_6026.jpg?resize=525%2C300 1.5x, https:\/\/i0.wp.com\/vynz100photo.fr\/blog\/wp-content\/uploads\/2013\/03\/20130307-IMG_6026.jpg?resize=700%2C400 2x"},"classes":[]},{"id":3007,"url":"https:\/\/vynz100photo.fr\/blog\/deja-termine\/","url_meta":{"origin":1614,"position":4},"title":"D\u00e9j\u00e0 termin\u00e9?","author":"Vincent","date":"19 mai 2014","format":false,"excerpt":"Samedi 10\u00a0mai Pas grand-chose \u00e0 se mettre sous la dent, il pleut... les touristes vont faire des emplettes, puis on se fait un petit repas sino (pour les entr\u00e9es) - vietnamien du meilleur go\u00fbt. C'est chouette la Chine question restaurants! Evidemment, Olivane veut tester la bi\u00e8re locale... ou au moins\u2026","rel":"","context":"Dans &quot;Famille&quot;","block_context":{"text":"Famille","link":"https:\/\/vynz100photo.fr\/blog\/category\/famille-2\/"},"img":{"alt_text":"","src":"https:\/\/i0.wp.com\/vynz100photo.fr\/blog\/wp-content\/uploads\/2014\/05\/20140511-DSC00367-Modifier.jpg?fit=1024%2C683&ssl=1&resize=350%2C200","width":350,"height":200,"srcset":"https:\/\/i0.wp.com\/vynz100photo.fr\/blog\/wp-content\/uploads\/2014\/05\/20140511-DSC00367-Modifier.jpg?fit=1024%2C683&ssl=1&resize=350%2C200 1x, https:\/\/i0.wp.com\/vynz100photo.fr\/blog\/wp-content\/uploads\/2014\/05\/20140511-DSC00367-Modifier.jpg?fit=1024%2C683&ssl=1&resize=525%2C300 1.5x, https:\/\/i0.wp.com\/vynz100photo.fr\/blog\/wp-content\/uploads\/2014\/05\/20140511-DSC00367-Modifier.jpg?fit=1024%2C683&ssl=1&resize=700%2C400 2x"},"classes":[]},{"id":567,"url":"https:\/\/vynz100photo.fr\/blog\/pour-decompresser-promenade-du-soir\/","url_meta":{"origin":1614,"position":5},"title":"Pour d\u00e9compresser, promenade du soir","author":"Vincent","date":"11 avril 2013","format":false,"excerpt":"Pour se changer les id\u00e9es apr\u00e8s nos journ\u00e9es de cours bien charg\u00e9es, rien de tel qu'une petite balade en famille dans les rues de la Concession... parcs, petites lanes surprenantes, arbres fleuris et vendeurs de rue, on se sent vraiment en Chine... \u00a0","rel":"","context":"Dans &quot;Famille&quot;","block_context":{"text":"Famille","link":"https:\/\/vynz100photo.fr\/blog\/category\/famille-2\/"},"img":{"alt_text":"Matou","src":"https:\/\/i0.wp.com\/vynz100photo.fr\/blog\/wp-content\/uploads\/2013\/04\/20130411-IMG_7360-1024x682.jpg?resize=350%2C200","width":350,"height":200,"srcset":"https:\/\/i0.wp.com\/vynz100photo.fr\/blog\/wp-content\/uploads\/2013\/04\/20130411-IMG_7360-1024x682.jpg?resize=350%2C200 1x, https:\/\/i0.wp.com\/vynz100photo.fr\/blog\/wp-content\/uploads\/2013\/04\/20130411-IMG_7360-1024x682.jpg?resize=525%2C300 1.5x"},"classes":[]}],"_links":{"self":[{"href":"https:\/\/vynz100photo.fr\/blog\/wp-json\/wp\/v2\/posts\/1614","targetHints":{"allow":["GET"]}}],"collection":[{"href":"https:\/\/vynz100photo.fr\/blog\/wp-json\/wp\/v2\/posts"}],"about":[{"href":"https:\/\/vynz100photo.fr\/blog\/wp-json\/wp\/v2\/types\/post"}],"author":[{"embeddable":true,"href":"https:\/\/vynz100photo.fr\/blog\/wp-json\/wp\/v2\/users\/1"}],"replies":[{"embeddable":true,"href":"https:\/\/vynz100photo.fr\/blog\/wp-json\/wp\/v2\/comments?post=1614"}],"version-history":[{"count":0,"href":"https:\/\/vynz100photo.fr\/blog\/wp-json\/wp\/v2\/posts\/1614\/revisions"}],"wp:attachment":[{"href":"https:\/\/vynz100photo.fr\/blog\/wp-json\/wp\/v2\/media?parent=1614"}],"wp:term":[{"taxonomy":"category","embeddable":true,"href":"https:\/\/vynz100photo.fr\/blog\/wp-json\/wp\/v2\/categories?post=1614"},{"taxonomy":"post_tag","embeddable":true,"href":"https:\/\/vynz100photo.fr\/blog\/wp-json\/wp\/v2\/tags?post=1614"}],"curies":[{"name":"wp","href":"https:\/\/api.w.org\/{rel}","templated":true}]}}